{"id":1235,"date":"2019-07-19T17:56:09","date_gmt":"2019-07-19T20:56:09","guid":{"rendered":"https:\/\/www.cachacagestor.com.br\/blog\/?p=1235"},"modified":"2021-02-22T15:01:10","modified_gmt":"2021-02-22T18:01:10","slug":"quando-a-cachaca-surgiu","status":"publish","type":"post","link":"https:\/\/cachacagestor.com.br\/blog\/quando-a-cachaca-surgiu\/","title":{"rendered":"Voc\u00ea sabe quando a cacha\u00e7a surgiu?"},"content":{"rendered":"\n<p class=\"wp-block-paragraph\">Destilado tradicional do Brasil, a  branquinha conquistou o seu espa\u00e7o de destaque na gastronomia, hist\u00f3ria e cultura do pa\u00eds. Mas, voc\u00ea sabe quando a cacha\u00e7a surgiu? <\/p>\n\n\n\n<p class=\"wp-block-paragraph\">No post de hoje vamos falar um pouco mais sobre o surgimento da caninha e a sua import\u00e2ncia. <\/p>\n\n\n\n<p class=\"wp-block-paragraph\">Trouxemos tamb\u00e9m uma s\u00e9rie de indica\u00e7\u00f5es de leituras, livros e cursos para voc\u00ea descobrir tudo sobre o universo da nossa bebida favorita!<br><\/p>\n\n\n\n<p class=\"wp-block-paragraph\">Ent\u00e3o, vem com a gente descobrir quando a cacha\u00e7a surgiu!<\/p>\n\n\n\n<hr class=\"wp-block-separator\"\/>\n\n\n\n<h2 class=\"wp-block-heading\">Cacha\u00e7a, um marco cultural do Brasil&nbsp;<br><\/h2>\n\n\n\n<p class=\"wp-block-paragraph\">A cacha\u00e7a \u00e9 um destilado genuinamente brasileiro, que se tornou um representante cultural do pa\u00eds. Nesse sentido, seu sabor \u00fanico e especial tomou seu lugar de destaque conquistando tanto o paladar popular quanto aqueles mais exigentes. Dessa forma consolidou-se internacionalmente como o destilado quente de cana-de-a\u00e7\u00facar criado pelos brasileiros. Portanto, nota-se que essa bebida fez jus ao seu posto cultural.  Tornou-se presente nos bares e foi representada de diversas formas por artistas brasileiros.&nbsp;<\/p>\n\n\n\n<p class=\"wp-block-paragraph\"> Sob esse vi\u00e9s, Adoniran Barbosa, um dos maiores sambistas da hist\u00f3ria do Brasil, refor\u00e7ou a brasilidade do destilado em suas can\u00e7\u00f5es com a m\u00fasica <a href=\"https:\/\/www.youtube.com\/watch?v=ZxxM261ddhI\">\u201cPatr\u00e3o, mulher e cacha\u00e7a\u201d<\/a>. Por outro lado, Lenir Costa transformou a caninha em protagonista do document\u00e1rio<a href=\"https:\/\/www.youtube.com\/watch?v=Y8tGfKqhlN4\"> <\/a><em><a href=\"https:\/\/www.youtube.com\/watch?v=Y8tGfKqhlN4\">\u201cDevotos da Cacha\u00e7a\u201d<\/a>,  <\/em>no qual a rela\u00e7\u00e3o da cultura brasileira com a cacha\u00e7a \u00e9 relatada, apresentando a hist\u00f3ria, produ\u00e7\u00e3o e o amor deferido \u00e0 caninha. No que tange \u00e0 literatura, os autores Jo\u00e3o Almeida e Leandro Dias a dedicam um livro inteiro: <em><a href=\"https:\/\/www.amazon.com.br\/Os-segredos-cacha%C3%A7a-Jo%C3%A3o-Almeida-ebook\/dp\/B07FB5B92F?tag=goog0ef-20&amp;smid=A18CNA8NWQSYHH&amp;ascsubtag=go_1366271959_70721127517_351260994638_aud-519888259198:pla-582325323076_c_\">Os segredos da Cacha\u00e7a: tudo que voc\u00ea precisa saber sobre a bebida mais popular do Brasil.<\/a><\/em><\/p>\n\n\n\n<p class=\"wp-block-paragraph\">Desse modo, percebe-se ainda a import\u00e2ncia dessa bebida. Ao passo que, a cacha\u00e7a \u00e9 reconhecida como patrim\u00f4nio hist\u00f3rico cultural em tr\u00eas estados brasileiros: Rio de Janeiro, Minas Gerais e Pernambuco. Isso implica no entendimento do destilado como parte de um legado hist\u00f3rico para essas regi\u00f5es. Identifica-se assim uma s\u00e9rie de contribui\u00e7\u00f5es do produto: sociais, culturais e econ\u00f4micas. Mas ent\u00e3o, quando a cacha\u00e7a surgiu?<br><\/p>\n\n\n\n<hr class=\"wp-block-separator\"\/>\n\n\n\n<h2 class=\"wp-block-heading\">O surgimento da cacha\u00e7a <\/h2>\n\n\n\n<p class=\"wp-block-paragraph\">N\u00e3o se sabe, exatamente, quando a cacha\u00e7a surgiu. Entretanto, \u00e9 quase um consenso entre os historiadores que foi no s\u00e9culo XVI que a bebida come\u00e7ou o seu trajeto. Nesse sentido, durante a produ\u00e7\u00e3o de rapadura &#8211; utilizada como um ado\u00e7ante na \u00e9poca &#8211; era costumeiro que o processo de fervura do caldo levasse \u00e0 sua fermenta\u00e7\u00e3o. Assim, formava-se um caldo denominado <em>caga\u00e7o<\/em>. Logo, como n\u00e3o servia para ado\u00e7ar bebidas, pois era muito amargo, acabava sendo descartado. <\/p>\n\n\n\n<p class=\"wp-block-paragraph\">Os escravos foram os precursores em criar e experimentar a cacha\u00e7a ao provar o caga\u00e7o. Ap\u00f3s perceberem que o seu consumo aumentava o entusiasmo durante o trabalho, o h\u00e1bito de consumi-la logo se popularizou entre eles. Nesse sentido, tal descoberta retrata a cria\u00e7\u00e3o da bebida que passou a simbolizar o esp\u00edrito brasileiro.<\/p>\n\n\n\n<p class=\"wp-block-paragraph\">Assim sendo, n\u00e3o demorou muito at\u00e9 que a cacha\u00e7a conquistasse o gosto popular. Contudo a sua dissemina\u00e7\u00e3o passou por uma s\u00e9rie de entraves, principalmente com a Coroa Portuguesa. <\/p>\n\n\n\n<p class=\"wp-block-paragraph\">Isso se deu pelo fato de que o produto amea\u00e7ava diretamente a comercializa\u00e7\u00e3o da <em>Bagaceira, <\/em>uma bebida produzida a partir da fermenta\u00e7\u00e3o do baga\u00e7o da uva. Isto posto,  a substitui\u00e7\u00e3o da bagaceira pela cacha\u00e7a demonstrava o interior se sobrepondo \u00e0 metr\u00f3pole, o que implicava em uma redu\u00e7\u00e3o nos lucros da Coroa. <\/p>\n\n\n\n<p class=\"wp-block-paragraph\">Al\u00e9m disso, o seu consumo tamb\u00e9m foi um dos marcos da Inconfid\u00eancia Mineira e da Revolu\u00e7\u00e3o Pernambucana: ingeri-la era tido como um ato de patriotismo. De modo que, levava \u00e0 nega\u00e7\u00e3o do vinho portugu\u00eas, levando a outro processo de persegui\u00e7\u00e3o contra o produto. Dessa forma, consumir a cacha\u00e7a tornou-se s\u00edmbolo de patriotismo.&nbsp;<\/p>\n\n\n\n<hr class=\"wp-block-separator\"\/>\n\n\n\n<h2 class=\"wp-block-heading\">A cacha\u00e7a ganhou o mundo!<\/h2>\n\n\n\n<p class=\"wp-block-paragraph\">A expans\u00e3o do seu consumo foi inevit\u00e1vel.  Mesmo com todos os impasses a cacha\u00e7a se instalou como a bebida tradicional do Brasil. Com o passar do tempo uma s\u00e9rie de mudan\u00e7as na sua produ\u00e7\u00e3o ocorreram, dando origem a <a href=\"https:\/\/www.cachacagestor.com.br\/blog\/cachaca-artesanal-x-cachaca-industrial\/\" target=\"_blank\" rel=\"noreferrer noopener\" aria-label=\" (abre numa nova aba)\">cacha\u00e7a artesanal e a cacha\u00e7a industrial<\/a>. <\/p>\n\n\n\n<p class=\"wp-block-paragraph\">O produto atraiu o olhar dos produtores pela sua crescente import\u00e2ncia econ\u00f4mica. A sua produ\u00e7\u00e3o anual j\u00e1 ultrapassa 1,4 bilh\u00f5es de litros e gera &#8211; direta e indiretamente &#8211; cerca de 600 mil empregos. Desse modo, o constante aperfei\u00e7oamento na produ\u00e7\u00e3o se fez algo de suma import\u00e2ncia, levando empresas como a Cana Brasil a auxiliar milhares de alunos. <\/p>\n\n\n\n<p class=\"wp-block-paragraph\">Com o curso \u201cMestre Alambiqueiro\u201d, a <a href=\"https:\/\/www.canabrasil.com.br\/\" target=\"_blank\" rel=\"noreferrer noopener\" aria-label=\" (abre numa nova aba)\">Cana Brasil<\/a> formou diversos produtores os quais t\u00eam a oportunidade de estudar na primeira e mais tradicional Fazenda Escola do Brasil. O grupo com mais de 120 anos de tradi\u00e7\u00e3o na produ\u00e7\u00e3o de cana-de-a\u00e7\u00facar, cacha\u00e7a e rapadura \u00e9 dirigido por Arnaldo Ribeiro e Jos\u00e9 Ribeiro, especialistas na produ\u00e7\u00e3o de cacha\u00e7a.&nbsp;<\/p>\n\n\n\n<hr class=\"wp-block-separator\"\/>\n\n\n\n<h2 class=\"wp-block-heading\">Cacha\u00e7a HUB: a cacha\u00e7a de alambique conquista o mercado internacional!<\/h2>\n\n\n\n<p class=\"wp-block-paragraph\">Contudo, uma bebida t\u00e3o especial n\u00e3o poderia ficar apenas no Brasil, n\u00e3o \u00e9 mesmo? E foi pensando nisso que o Cacha\u00e7a Hub iniciou o seu processo de levar a cacha\u00e7a artesanal para fora do pa\u00eds. Desse modo, com o objetivo de mostrar a cacha\u00e7a ao mundo, o Cacha\u00e7a Hub promove, faz o marketing, distribui e vende a cacha\u00e7a. A sua participa\u00e7\u00e3o no Festival das Migra\u00e7\u00f5es de Luxemburgo que aconteceu em mar\u00e7o, foi um grande sucesso. Diversas marcas, clientes do Cacha\u00e7a Gestor, foram apresentadas e comercializadas com o p\u00fablico europeu.&nbsp;<\/p>\n\n\n\n<p class=\"wp-block-paragraph\">A cacha\u00e7a vem ganhando diversos pr\u00eamios pelo mundo. Sendo assim, a certifica\u00e7\u00e3o \u00e9 crucial para a constante valoriza\u00e7\u00e3o do produto. Por isso para fazer parte desse projeto t\u00e3o importante para a cultura brasileira, \u00e9 necess\u00e1rio que a produ\u00e7\u00e3o seja rastreada pelo Cacha\u00e7a Gestor. Um sistema criado para facilitar a vida do produtor, possibilitando o gerenciamento do alambique de forma online e eficaz. <\/p>\n\n\n\n<div class=\"wp-block-button aligncenter\"><a class=\"wp-block-button__link\" href=\"https:\/\/escola.cachacagestor.com.br\/sistema-cachaca-gestor\" target=\"_blank\" rel=\"noopener noreferrer\">Clique aqui e conhe\u00e7a o Sistema Cacha\u00e7a gestor! <\/a><\/div>\n\n\n\n<hr class=\"wp-block-separator\"\/>\n\n\n\n<p style=\"background-color:#f09f66;color:#ffffff;text-align:center\" class=\"has-text-color has-background has-medium-font-size\"><strong>Voc\u00ea tamb\u00e9m \u00e9 um apaixonado por cacha\u00e7a que pensa em produzir mas n\u00e3o sabe por onde come\u00e7ar? Ou j\u00e1 \u00e9 um produtor e quer entender mais sobre gest\u00e3o? Preparamos um curso especial para voc\u00ea! Est\u00e1 na hora de tirar a ideia do papel e come\u00e7ar para valer.\nClique no bot\u00e3o abaixo e fa\u00e7a j\u00e1 sua inscri\u00e7\u00e3o!<\/strong><\/p>\n\n\n\n<div class=\"wp-block-button aligncenter\"><a class=\"wp-block-button__link\" href=\"https:\/\/escola.cachacagestor.com.br\/curso-planejamento-e-gestao-de-alambiques\" target=\"_blank\" rel=\"noopener noreferrer\">Inscreva-se no nosso curso de Planejamento e Gest\u00e3o de Alambiques!<\/a><\/div>\n\n\n\n<p class=\"wp-block-paragraph\"><\/p>\n\n\n\n<p class=\"wp-block-paragraph\">Quer receber em primeira m\u00e3o todas as novidades relacionadas \u00e0 cacha\u00e7a? Siga-nos nas nossas redes sociais!<\/p>\n\n\n\n<style type=\"text\/css\">\n\na.btn-social,\n.btn-social, .btn-social:focus\n{\n    border-radius: 50%;    \n    display: inline-block;\n    height: 54px;\n    width: 54px;\n    line-height: 54px;\n    margin: 8px 4px;\n    text-align: center;\n    text-decoration: none;\n    transition: background-color .45s;\n    webkit-transition: background-color .45s;\n    border: 2px solid !important;\n    border-color: #4f482c !important;\n    color: #4f482c !important;\n    font-size: 1.5em !important;\n    \n}\n\n.btn-social .fa,.btn-social i\n{\t\n\tpadding-top: 33%;\n    backface-visibility: hidden;\n    moz-backface-visibility: hidden;\n    ms-transform: scale(1);\n    o-transform: scale(1);\n    transform: scale(1);\n    transition: all .45s;\n    webkit-backface-visibility: hidden;\n    webkit-transform: scale(1);\n    webkit-transition: all .45s;\n}\n.btn-social:hover\n{\n    color: #fff !important;\n    border: 2px solid !important;\n    border-color: transparent !important;\n    outline: none;\n    text-decoration: none;\n}\n\/*.btn-social:hover .fa,.btn-social:focus .fa,.btn-social:hover i,.btn-social:focus i\n{\n    ms-transform: scale(1.1);\n    o-transform: scale(1.1);\n    transform: scale(1.1);\n    webkit-transform: scale(1.1);\n}*\/\n.btn-social.btn-xs\n{\n    font-size: 9px;\n    height: 24px;\n    line-height: 13px;\n    margin: 6px 2px;\n    width: 24px;\n}\n.btn-social.btn-sm\n{\n    font-size: 13px;\n    height: 36px;\n    line-height: 18px;\n    margin: 6px 2px;\n    width: 36px;\n}\n.btn-social.btn-lg\n{\n    font-size: 22px;\n    height: 72px;\n    line-height: 40px;\n    margin: 10px 6px;\n    width: 72px;\n}\n\n.btn-facebook:hover\n{\n    background-color: #4c70ba;\n}\n\n.btn-instagram:hover\n{\n    background-color: #fe4164;\n}\n\n.btn-linkedin:hover\n{\n    background-color: #0b96e5;\n}\n\n.btn-twitter:hover\n{\n    background-color: #83c3f3;\n}\n\n.btn-youtube:hover\n{\n    background-color: #e52d27;\n}\n\n.redes-sociais-post{\n\tmargin-top: 15px;\n\tmargin-bottom: 15px;\n}\n\n<\/style>\n\n    \n<div class=\"col-lg-12 redes-sociais-post\" style=\"text-align: center\">        \n    <p>Siga-nos em nossas redes sociais<\/p>\n    <a href=\"https:\/\/www.facebook.com\/cachacagestor\/\" target=\"_blank\" class=\"btn-social btn-facebook\" rel=\"noopener noreferrer\"><i class=\"fab fa-facebook-f\"><\/i><\/a>\n\n    <a href=\"https:\/\/www.instagram.com\/cachacagestor\/\" target=\"_blank\" class=\"btn-social btn-instagram\" rel=\"noopener noreferrer\"><i class=\"fab fa-instagram\"><\/i><\/a>\n\n    <a href=\"https:\/\/www.youtube.com\/c\/Cacha\u00e7aGestor\" target=\"_blank\" class=\"btn-social btn-youtube\" rel=\"noopener noreferrer\"><i class=\"fab fa-youtube\"><\/i><\/a>\t        \n    \n    <a href=\"https:\/\/www.linkedin.com\/company\/cacha\u00e7a-gestor\" target=\"_blank\" class=\"btn-social btn-linkedin\" rel=\"noopener noreferrer\"><i class=\"fab fa-linkedin-in\"><\/i><\/a>\n    \n    <a href=\"https:\/\/twitter.com\/cachacagestor\" target=\"_blank\" class=\"btn-social btn-twitter\" rel=\"noopener noreferrer\"><i class=\"fab fa-twitter\"><\/i><\/a>\t        \n    \n    \n<\/div>\n","protected":false},"excerpt":{"rendered":"<p>Destilado tradicional do Brasil, a branquinha conquistou o seu espa\u00e7o de destaque na gastronomia, hist\u00f3ria e cultura do pa\u00eds. Mas, voc\u00ea sabe quando a cacha\u00e7a surgiu? No post de hoje vamos falar um pouco mais sobre o surgimento da caninha e a sua import\u00e2ncia. Trouxemos tamb\u00e9m uma s\u00e9rie de indica\u00e7\u00f5es de leituras, livros e cursos [&hellip;]<\/p>\n","protected":false},"author":1,"featured_media":1236,"comment_status":"open","ping_status":"open","sticky":false,"template":"","format":"standard","meta":{"_exactmetrics_skip_tracking":false,"footnotes":""},"categories":[94,80],"tags":[7,4,18],"class_list":["post-1235","post","type-post","status-publish","format-standard","has-post-thumbnail","hentry","category-consumo","category-producao-de-cachaca","tag-cachaca","tag-cachaca-de-qualidade","tag-cachaca-gestor"],"yoast_head":"<!-- This site is optimized with the Yoast SEO plugin v28.3 - https:\/\/yoast.com\/product\/yoast-seo-wordpress\/ -->\n<title>Voc\u00ea sabe quando a cacha\u00e7a surgiu? - Cacha\u00e7a Gestor - Blog<\/title>\n<meta name=\"description\" content=\"A branquinha conquistou o seu espa\u00e7o de destaque na gastronomia, hist\u00f3ria e cultura do pa\u00eds. Mas, voc\u00ea sabe quando a cacha\u00e7a surgiu?\" \/>\n<meta name=\"robots\" content=\"index, follow, max-snippet:-1, max-image-preview:large, max-video-preview:-1\" \/>\n<link rel=\"canonical\" href=\"https:\/\/cachacagestor.com.br\/blog\/quando-a-cachaca-surgiu\/\" \/>\n<meta property=\"og:locale\" content=\"pt_BR\" \/>\n<meta property=\"og:type\" content=\"article\" \/>\n<meta property=\"og:title\" content=\"Voc\u00ea sabe quando a cacha\u00e7a surgiu? - Cacha\u00e7a Gestor - Blog\" \/>\n<meta property=\"og:description\" content=\"A branquinha conquistou o seu espa\u00e7o de destaque na gastronomia, hist\u00f3ria e cultura do pa\u00eds. Mas, voc\u00ea sabe quando a cacha\u00e7a surgiu?\" \/>\n<meta property=\"og:url\" content=\"https:\/\/cachacagestor.com.br\/blog\/quando-a-cachaca-surgiu\/\" \/>\n<meta property=\"og:site_name\" content=\"Cacha\u00e7a Gestor - Blog\" \/>\n<meta property=\"article:publisher\" content=\"https:\/\/www.facebook.com\/cachacagestor\" \/>\n<meta property=\"article:author\" content=\"https:\/\/www.facebook.com\/cachacagestor\" \/>\n<meta property=\"article:published_time\" content=\"2019-07-19T20:56:09+00:00\" \/>\n<meta property=\"article:modified_time\" content=\"2021-02-22T18:01:10+00:00\" \/>\n<meta property=\"og:image\" content=\"https:\/\/cachacagestor.com.br\/blog\/wp-content\/uploads\/2019\/07\/a0457f2d-f152-4e89-b8b8-7bf158235424.jpg\" \/>\n\t<meta property=\"og:image:width\" content=\"1080\" \/>\n\t<meta property=\"og:image:height\" content=\"1058\" \/>\n\t<meta property=\"og:image:type\" content=\"image\/jpeg\" \/>\n<meta name=\"author\" content=\"cachacagestor\" \/>\n<meta name=\"twitter:card\" content=\"summary_large_image\" \/>\n<meta name=\"twitter:label1\" content=\"Escrito por\" \/>\n\t<meta name=\"twitter:data1\" content=\"cachacagestor\" \/>\n\t<meta name=\"twitter:label2\" content=\"Est. tempo de leitura\" \/>\n\t<meta name=\"twitter:data2\" content=\"6 minutos\" \/>\n<script type=\"application\/ld+json\" class=\"yoast-schema-graph\">{\"@context\":\"https:\\\/\\\/schema.org\",\"@graph\":[{\"@type\":\"Article\",\"@id\":\"https:\\\/\\\/cachacagestor.com.br\\\/blog\\\/quando-a-cachaca-surgiu\\\/#article\",\"isPartOf\":{\"@id\":\"https:\\\/\\\/cachacagestor.com.br\\\/blog\\\/quando-a-cachaca-surgiu\\\/\"},\"author\":{\"name\":\"cachacagestor\",\"@id\":\"https:\\\/\\\/cachacagestor.com.br\\\/blog\\\/#\\\/schema\\\/person\\\/2165d6cccc417459e7ed0cf21207645e\"},\"headline\":\"Voc\u00ea sabe quando a cacha\u00e7a surgiu?\",\"datePublished\":\"2019-07-19T20:56:09+00:00\",\"dateModified\":\"2021-02-22T18:01:10+00:00\",\"mainEntityOfPage\":{\"@id\":\"https:\\\/\\\/cachacagestor.com.br\\\/blog\\\/quando-a-cachaca-surgiu\\\/\"},\"wordCount\":1131,\"commentCount\":0,\"publisher\":{\"@id\":\"https:\\\/\\\/cachacagestor.com.br\\\/blog\\\/#organization\"},\"image\":{\"@id\":\"https:\\\/\\\/cachacagestor.com.br\\\/blog\\\/quando-a-cachaca-surgiu\\\/#primaryimage\"},\"thumbnailUrl\":\"https:\\\/\\\/cachacagestor.com.br\\\/blog\\\/wp-content\\\/uploads\\\/2019\\\/07\\\/a0457f2d-f152-4e89-b8b8-7bf158235424.jpg\",\"keywords\":[\"cacha\u00e7a\",\"cacha\u00e7a de qualidade\",\"cacha\u00e7a gestor\"],\"articleSection\":[\"Consumo\",\"PRODU\u00c7\u00c3O DE CACHA\u00c7A\"],\"inLanguage\":\"pt-BR\",\"potentialAction\":[{\"@type\":\"CommentAction\",\"name\":\"Comment\",\"target\":[\"https:\\\/\\\/cachacagestor.com.br\\\/blog\\\/quando-a-cachaca-surgiu\\\/#respond\"]}]},{\"@type\":\"WebPage\",\"@id\":\"https:\\\/\\\/cachacagestor.com.br\\\/blog\\\/quando-a-cachaca-surgiu\\\/\",\"url\":\"https:\\\/\\\/cachacagestor.com.br\\\/blog\\\/quando-a-cachaca-surgiu\\\/\",\"name\":\"Voc\u00ea sabe quando a cacha\u00e7a surgiu? - Cacha\u00e7a Gestor - Blog\",\"isPartOf\":{\"@id\":\"https:\\\/\\\/cachacagestor.com.br\\\/blog\\\/#website\"},\"primaryImageOfPage\":{\"@id\":\"https:\\\/\\\/cachacagestor.com.br\\\/blog\\\/quando-a-cachaca-surgiu\\\/#primaryimage\"},\"image\":{\"@id\":\"https:\\\/\\\/cachacagestor.com.br\\\/blog\\\/quando-a-cachaca-surgiu\\\/#primaryimage\"},\"thumbnailUrl\":\"https:\\\/\\\/cachacagestor.com.br\\\/blog\\\/wp-content\\\/uploads\\\/2019\\\/07\\\/a0457f2d-f152-4e89-b8b8-7bf158235424.jpg\",\"datePublished\":\"2019-07-19T20:56:09+00:00\",\"dateModified\":\"2021-02-22T18:01:10+00:00\",\"description\":\"A branquinha conquistou o seu espa\u00e7o de destaque na gastronomia, hist\u00f3ria e cultura do pa\u00eds. Mas, voc\u00ea sabe quando a cacha\u00e7a surgiu?\",\"breadcrumb\":{\"@id\":\"https:\\\/\\\/cachacagestor.com.br\\\/blog\\\/quando-a-cachaca-surgiu\\\/#breadcrumb\"},\"inLanguage\":\"pt-BR\",\"potentialAction\":[{\"@type\":\"ReadAction\",\"target\":[\"https:\\\/\\\/cachacagestor.com.br\\\/blog\\\/quando-a-cachaca-surgiu\\\/\"]}]},{\"@type\":\"ImageObject\",\"inLanguage\":\"pt-BR\",\"@id\":\"https:\\\/\\\/cachacagestor.com.br\\\/blog\\\/quando-a-cachaca-surgiu\\\/#primaryimage\",\"url\":\"https:\\\/\\\/cachacagestor.com.br\\\/blog\\\/wp-content\\\/uploads\\\/2019\\\/07\\\/a0457f2d-f152-4e89-b8b8-7bf158235424.jpg\",\"contentUrl\":\"https:\\\/\\\/cachacagestor.com.br\\\/blog\\\/wp-content\\\/uploads\\\/2019\\\/07\\\/a0457f2d-f152-4e89-b8b8-7bf158235424.jpg\",\"width\":1080,\"height\":1058},{\"@type\":\"BreadcrumbList\",\"@id\":\"https:\\\/\\\/cachacagestor.com.br\\\/blog\\\/quando-a-cachaca-surgiu\\\/#breadcrumb\",\"itemListElement\":[{\"@type\":\"ListItem\",\"position\":1,\"name\":\"In\u00edcio\",\"item\":\"https:\\\/\\\/cachacagestor.com.br\\\/blog\\\/\"},{\"@type\":\"ListItem\",\"position\":2,\"name\":\"Voc\u00ea sabe quando a cacha\u00e7a surgiu?\"}]},{\"@type\":\"WebSite\",\"@id\":\"https:\\\/\\\/cachacagestor.com.br\\\/blog\\\/#website\",\"url\":\"https:\\\/\\\/cachacagestor.com.br\\\/blog\\\/\",\"name\":\"Cacha\u00e7a Gestor\",\"description\":\"\",\"publisher\":{\"@id\":\"https:\\\/\\\/cachacagestor.com.br\\\/blog\\\/#organization\"},\"potentialAction\":[{\"@type\":\"SearchAction\",\"target\":{\"@type\":\"EntryPoint\",\"urlTemplate\":\"https:\\\/\\\/cachacagestor.com.br\\\/blog\\\/?s={search_term_string}\"},\"query-input\":{\"@type\":\"PropertyValueSpecification\",\"valueRequired\":true,\"valueName\":\"search_term_string\"}}],\"inLanguage\":\"pt-BR\"},{\"@type\":\"Organization\",\"@id\":\"https:\\\/\\\/cachacagestor.com.br\\\/blog\\\/#organization\",\"name\":\"Cacha\u00e7a Gerstor\",\"url\":\"https:\\\/\\\/cachacagestor.com.br\\\/blog\\\/\",\"logo\":{\"@type\":\"ImageObject\",\"inLanguage\":\"pt-BR\",\"@id\":\"https:\\\/\\\/cachacagestor.com.br\\\/blog\\\/#\\\/schema\\\/logo\\\/image\\\/\",\"url\":\"https:\\\/\\\/cachacagestor.com.br\\\/blog\\\/wp-content\\\/uploads\\\/2016\\\/05\\\/logo-fb.png\",\"contentUrl\":\"https:\\\/\\\/cachacagestor.com.br\\\/blog\\\/wp-content\\\/uploads\\\/2016\\\/05\\\/logo-fb.png\",\"width\":504,\"height\":504,\"caption\":\"Cacha\u00e7a Gerstor\"},\"image\":{\"@id\":\"https:\\\/\\\/cachacagestor.com.br\\\/blog\\\/#\\\/schema\\\/logo\\\/image\\\/\"},\"sameAs\":[\"https:\\\/\\\/www.facebook.com\\\/cachacagestor\",\"https:\\\/\\\/www.instagram.com\\\/cachacagestor\\\/\",\"https:\\\/\\\/www.linkedin.com\\\/company\\\/cacha\u00e7a-gestor\\\/\",\"https:\\\/\\\/www.youtube.com\\\/channel\\\/UCwWCpQJKwUs7AIk_blTKIfA?view_as=subscriber\"]},{\"@type\":\"Person\",\"@id\":\"https:\\\/\\\/cachacagestor.com.br\\\/blog\\\/#\\\/schema\\\/person\\\/2165d6cccc417459e7ed0cf21207645e\",\"name\":\"cachacagestor\",\"image\":{\"@type\":\"ImageObject\",\"inLanguage\":\"pt-BR\",\"@id\":\"https:\\\/\\\/secure.gravatar.com\\\/avatar\\\/d9d47835dcb57695097d1e99cf5552e6eea87d217f357a5177aea401dea02c00?s=96&d=mm&r=g\",\"url\":\"https:\\\/\\\/secure.gravatar.com\\\/avatar\\\/d9d47835dcb57695097d1e99cf5552e6eea87d217f357a5177aea401dea02c00?s=96&d=mm&r=g\",\"contentUrl\":\"https:\\\/\\\/secure.gravatar.com\\\/avatar\\\/d9d47835dcb57695097d1e99cf5552e6eea87d217f357a5177aea401dea02c00?s=96&d=mm&r=g\",\"caption\":\"cachacagestor\"},\"sameAs\":[\"https:\\\/\\\/www.cachacagestor.com.br\",\"https:\\\/\\\/www.facebook.com\\\/cachacagestor\"],\"url\":\"https:\\\/\\\/cachacagestor.com.br\\\/blog\\\/author\\\/cachacagestor\\\/\"}]}<\/script>\n<!-- \/ Yoast SEO plugin. -->","yoast_head_json":{"title":"Voc\u00ea sabe quando a cacha\u00e7a surgiu? - Cacha\u00e7a Gestor - Blog","description":"A branquinha conquistou o seu espa\u00e7o de destaque na gastronomia, hist\u00f3ria e cultura do pa\u00eds. Mas, voc\u00ea sabe quando a cacha\u00e7a surgiu?","robots":{"index":"index","follow":"follow","max-snippet":"max-snippet:-1","max-image-preview":"max-image-preview:large","max-video-preview":"max-video-preview:-1"},"canonical":"https:\/\/cachacagestor.com.br\/blog\/quando-a-cachaca-surgiu\/","og_locale":"pt_BR","og_type":"article","og_title":"Voc\u00ea sabe quando a cacha\u00e7a surgiu? - Cacha\u00e7a Gestor - Blog","og_description":"A branquinha conquistou o seu espa\u00e7o de destaque na gastronomia, hist\u00f3ria e cultura do pa\u00eds. Mas, voc\u00ea sabe quando a cacha\u00e7a surgiu?","og_url":"https:\/\/cachacagestor.com.br\/blog\/quando-a-cachaca-surgiu\/","og_site_name":"Cacha\u00e7a Gestor - Blog","article_publisher":"https:\/\/www.facebook.com\/cachacagestor","article_author":"https:\/\/www.facebook.com\/cachacagestor","article_published_time":"2019-07-19T20:56:09+00:00","article_modified_time":"2021-02-22T18:01:10+00:00","og_image":[{"width":1080,"height":1058,"url":"https:\/\/cachacagestor.com.br\/blog\/wp-content\/uploads\/2019\/07\/a0457f2d-f152-4e89-b8b8-7bf158235424.jpg","type":"image\/jpeg"}],"author":"cachacagestor","twitter_card":"summary_large_image","twitter_misc":{"Escrito por":"cachacagestor","Est. tempo de leitura":"6 minutos"},"schema":{"@context":"https:\/\/schema.org","@graph":[{"@type":"Article","@id":"https:\/\/cachacagestor.com.br\/blog\/quando-a-cachaca-surgiu\/#article","isPartOf":{"@id":"https:\/\/cachacagestor.com.br\/blog\/quando-a-cachaca-surgiu\/"},"author":{"name":"cachacagestor","@id":"https:\/\/cachacagestor.com.br\/blog\/#\/schema\/person\/2165d6cccc417459e7ed0cf21207645e"},"headline":"Voc\u00ea sabe quando a cacha\u00e7a surgiu?","datePublished":"2019-07-19T20:56:09+00:00","dateModified":"2021-02-22T18:01:10+00:00","mainEntityOfPage":{"@id":"https:\/\/cachacagestor.com.br\/blog\/quando-a-cachaca-surgiu\/"},"wordCount":1131,"commentCount":0,"publisher":{"@id":"https:\/\/cachacagestor.com.br\/blog\/#organization"},"image":{"@id":"https:\/\/cachacagestor.com.br\/blog\/quando-a-cachaca-surgiu\/#primaryimage"},"thumbnailUrl":"https:\/\/cachacagestor.com.br\/blog\/wp-content\/uploads\/2019\/07\/a0457f2d-f152-4e89-b8b8-7bf158235424.jpg","keywords":["cacha\u00e7a","cacha\u00e7a de qualidade","cacha\u00e7a gestor"],"articleSection":["Consumo","PRODU\u00c7\u00c3O DE CACHA\u00c7A"],"inLanguage":"pt-BR","potentialAction":[{"@type":"CommentAction","name":"Comment","target":["https:\/\/cachacagestor.com.br\/blog\/quando-a-cachaca-surgiu\/#respond"]}]},{"@type":"WebPage","@id":"https:\/\/cachacagestor.com.br\/blog\/quando-a-cachaca-surgiu\/","url":"https:\/\/cachacagestor.com.br\/blog\/quando-a-cachaca-surgiu\/","name":"Voc\u00ea sabe quando a cacha\u00e7a surgiu? - Cacha\u00e7a Gestor - Blog","isPartOf":{"@id":"https:\/\/cachacagestor.com.br\/blog\/#website"},"primaryImageOfPage":{"@id":"https:\/\/cachacagestor.com.br\/blog\/quando-a-cachaca-surgiu\/#primaryimage"},"image":{"@id":"https:\/\/cachacagestor.com.br\/blog\/quando-a-cachaca-surgiu\/#primaryimage"},"thumbnailUrl":"https:\/\/cachacagestor.com.br\/blog\/wp-content\/uploads\/2019\/07\/a0457f2d-f152-4e89-b8b8-7bf158235424.jpg","datePublished":"2019-07-19T20:56:09+00:00","dateModified":"2021-02-22T18:01:10+00:00","description":"A branquinha conquistou o seu espa\u00e7o de destaque na gastronomia, hist\u00f3ria e cultura do pa\u00eds. Mas, voc\u00ea sabe quando a cacha\u00e7a surgiu?","breadcrumb":{"@id":"https:\/\/cachacagestor.com.br\/blog\/quando-a-cachaca-surgiu\/#breadcrumb"},"inLanguage":"pt-BR","potentialAction":[{"@type":"ReadAction","target":["https:\/\/cachacagestor.com.br\/blog\/quando-a-cachaca-surgiu\/"]}]},{"@type":"ImageObject","inLanguage":"pt-BR","@id":"https:\/\/cachacagestor.com.br\/blog\/quando-a-cachaca-surgiu\/#primaryimage","url":"https:\/\/cachacagestor.com.br\/blog\/wp-content\/uploads\/2019\/07\/a0457f2d-f152-4e89-b8b8-7bf158235424.jpg","contentUrl":"https:\/\/cachacagestor.com.br\/blog\/wp-content\/uploads\/2019\/07\/a0457f2d-f152-4e89-b8b8-7bf158235424.jpg","width":1080,"height":1058},{"@type":"BreadcrumbList","@id":"https:\/\/cachacagestor.com.br\/blog\/quando-a-cachaca-surgiu\/#breadcrumb","itemListElement":[{"@type":"ListItem","position":1,"name":"In\u00edcio","item":"https:\/\/cachacagestor.com.br\/blog\/"},{"@type":"ListItem","position":2,"name":"Voc\u00ea sabe quando a cacha\u00e7a surgiu?"}]},{"@type":"WebSite","@id":"https:\/\/cachacagestor.com.br\/blog\/#website","url":"https:\/\/cachacagestor.com.br\/blog\/","name":"Cacha\u00e7a Gestor","description":"","publisher":{"@id":"https:\/\/cachacagestor.com.br\/blog\/#organization"},"potentialAction":[{"@type":"SearchAction","target":{"@type":"EntryPoint","urlTemplate":"https:\/\/cachacagestor.com.br\/blog\/?s={search_term_string}"},"query-input":{"@type":"PropertyValueSpecification","valueRequired":true,"valueName":"search_term_string"}}],"inLanguage":"pt-BR"},{"@type":"Organization","@id":"https:\/\/cachacagestor.com.br\/blog\/#organization","name":"Cacha\u00e7a Gerstor","url":"https:\/\/cachacagestor.com.br\/blog\/","logo":{"@type":"ImageObject","inLanguage":"pt-BR","@id":"https:\/\/cachacagestor.com.br\/blog\/#\/schema\/logo\/image\/","url":"https:\/\/cachacagestor.com.br\/blog\/wp-content\/uploads\/2016\/05\/logo-fb.png","contentUrl":"https:\/\/cachacagestor.com.br\/blog\/wp-content\/uploads\/2016\/05\/logo-fb.png","width":504,"height":504,"caption":"Cacha\u00e7a Gerstor"},"image":{"@id":"https:\/\/cachacagestor.com.br\/blog\/#\/schema\/logo\/image\/"},"sameAs":["https:\/\/www.facebook.com\/cachacagestor","https:\/\/www.instagram.com\/cachacagestor\/","https:\/\/www.linkedin.com\/company\/cacha\u00e7a-gestor\/","https:\/\/www.youtube.com\/channel\/UCwWCpQJKwUs7AIk_blTKIfA?view_as=subscriber"]},{"@type":"Person","@id":"https:\/\/cachacagestor.com.br\/blog\/#\/schema\/person\/2165d6cccc417459e7ed0cf21207645e","name":"cachacagestor","image":{"@type":"ImageObject","inLanguage":"pt-BR","@id":"https:\/\/secure.gravatar.com\/avatar\/d9d47835dcb57695097d1e99cf5552e6eea87d217f357a5177aea401dea02c00?s=96&d=mm&r=g","url":"https:\/\/secure.gravatar.com\/avatar\/d9d47835dcb57695097d1e99cf5552e6eea87d217f357a5177aea401dea02c00?s=96&d=mm&r=g","contentUrl":"https:\/\/secure.gravatar.com\/avatar\/d9d47835dcb57695097d1e99cf5552e6eea87d217f357a5177aea401dea02c00?s=96&d=mm&r=g","caption":"cachacagestor"},"sameAs":["https:\/\/www.cachacagestor.com.br","https:\/\/www.facebook.com\/cachacagestor"],"url":"https:\/\/cachacagestor.com.br\/blog\/author\/cachacagestor\/"}]}},"_links":{"self":[{"href":"https:\/\/cachacagestor.com.br\/blog\/wp-json\/wp\/v2\/posts\/1235","targetHints":{"allow":["GET"]}}],"collection":[{"href":"https:\/\/cachacagestor.com.br\/blog\/wp-json\/wp\/v2\/posts"}],"about":[{"href":"https:\/\/cachacagestor.com.br\/blog\/wp-json\/wp\/v2\/types\/post"}],"author":[{"embeddable":true,"href":"https:\/\/cachacagestor.com.br\/blog\/wp-json\/wp\/v2\/users\/1"}],"replies":[{"embeddable":true,"href":"https:\/\/cachacagestor.com.br\/blog\/wp-json\/wp\/v2\/comments?post=1235"}],"version-history":[{"count":14,"href":"https:\/\/cachacagestor.com.br\/blog\/wp-json\/wp\/v2\/posts\/1235\/revisions"}],"predecessor-version":[{"id":1870,"href":"https:\/\/cachacagestor.com.br\/blog\/wp-json\/wp\/v2\/posts\/1235\/revisions\/1870"}],"wp:featuredmedia":[{"embeddable":true,"href":"https:\/\/cachacagestor.com.br\/blog\/wp-json\/wp\/v2\/media\/1236"}],"wp:attachment":[{"href":"https:\/\/cachacagestor.com.br\/blog\/wp-json\/wp\/v2\/media?parent=1235"}],"wp:term":[{"taxonomy":"category","embeddable":true,"href":"https:\/\/cachacagestor.com.br\/blog\/wp-json\/wp\/v2\/categories?post=1235"},{"taxonomy":"post_tag","embeddable":true,"href":"https:\/\/cachacagestor.com.br\/blog\/wp-json\/wp\/v2\/tags?post=1235"}],"curies":[{"name":"wp","href":"https:\/\/api.w.org\/{rel}","templated":true}]}}