{"id":1338,"date":"2019-08-16T17:37:00","date_gmt":"2019-08-16T20:37:00","guid":{"rendered":"https:\/\/www.cachacagestor.com.br\/blog\/?p=1338"},"modified":"2021-02-22T15:00:52","modified_gmt":"2021-02-22T18:00:52","slug":"congresso-brasileiro-da-cachaca-05-e-06-de-setembro","status":"publish","type":"post","link":"https:\/\/cachacagestor.com.br\/blog\/congresso-brasileiro-da-cachaca-05-e-06-de-setembro\/","title":{"rendered":"Congresso Brasileiro da Cacha\u00e7a &#8211; 05 e 06 de Setembro"},"content":{"rendered":"\n<p class=\"wp-block-paragraph\"><br><\/p>\n\n\n\n<p class=\"wp-block-paragraph\">Durante os dias 05 e 06 de Setembro, acontecer\u00e1 em Vit\u00f3ria &#8211; ES o Congresso Brasileiro da Cacha\u00e7a. O evento ter\u00e1 in\u00edcio \u00e0s 13:00 e t\u00e9rmino \u00e0s 23:00, contando com uma s\u00e9rie de especialistas do setor.&nbsp;<\/p>\n\n\n\n<p class=\"wp-block-paragraph\">De acordo com um dos organizadores, Ad\u00e3o Cellia, propriet\u00e1rio da marca Princesa Isabel, o evento busca uma integra\u00e7\u00e3o dos produtores a n\u00edvel nacional. Desse modo, estar\u00e3o aptos a discutir problemas que ocorrem no setor, trocar experi\u00eancias e discutirem novas ideias.&nbsp;<\/p>\n\n\n\n<p class=\"wp-block-paragraph\">O Congresso Brasileiro da Cacha\u00e7a preparou uma equipe espetacular para os debates, prometendo aos participantes de dois dias intensos de imers\u00e3o nos assuntos do setor com a presen\u00e7a de alguns dos maiores especialistas do assunto no Brasil.<\/p>\n\n\n\n<p class=\"wp-block-paragraph\">Paralelamente, no Centro de Conven\u00e7\u00f5es de Vit\u00f3ria &#8211; onde o Congresso acontecer\u00e1 &#8211; teremos tamb\u00e9m o Sal\u00e3o de Neg\u00f3cios da Cacha\u00e7a. Para uma melhor organiza\u00e7\u00e3o, os palestrantes estar\u00e3o espalhados em quatro pain\u00e9is diferentes, sendo os temas: Cacha\u00e7a: Patrim\u00f4nio Nacional, Por que as cacha\u00e7as s\u00e3o t\u00e3o diferentes?, Por que a cacha\u00e7a ainda sofre tanto preconceito e Comercializa\u00e7\u00e3o e exporta\u00e7\u00e3o.&nbsp;<br><\/p>\n\n\n\n<h2 class=\"wp-block-heading\">Primeiro Painel &#8211; Cacha\u00e7a: Patrim\u00f4nio Nacional<br><\/h2>\n\n\n\n<p class=\"wp-block-paragraph\">Nesse momento busc\u00e1-las trabalhar a import\u00e2ncia da Cacha\u00e7a como um Patrim\u00f4nio Nacional no Brasil. Trabalhando-a como um s\u00edmbolo nacional essencial para a forma\u00e7\u00e3o de um Estado Nacional. Um outro assunto que ser\u00e1 abordado \u00e9 import\u00e2ncia que o pequeno produtor possui no setor. As palestras voltadas a esse tema acontecer\u00e3o das 16:30 \u00e0s 18:30 no dia 05 de Setembro e conta com grandes palestrantes como Gilberto Freyre Neto, presidente do Instituto Gilberto Freire em Pernambuco.&nbsp;<br><\/p>\n\n\n\n<h2 class=\"wp-block-heading\">Segundo Painel &#8211; Porque as cacha\u00e7as s\u00e3o t\u00e3o diferentes?&nbsp;<br><\/h2>\n\n\n\n<p class=\"wp-block-paragraph\">Esse painel tamb\u00e9m apresenta debates muito interessantes, tratando assuntos como, por exemplo, a diferen\u00e7a entre a <a href=\"https:\/\/www.cachacagestor.com.br\/blog\/cachaca-artesanal-x-cachaca-industrial\/\">cacha\u00e7a artesanal e a cacha\u00e7a industrial<\/a>. Al\u00e9m disso, a palestrante Aline Marques Bortoletto da ESALQ em S\u00e3o Paulo, traz uma discuss\u00e3o muito pertinente, que busca entender se as madeiras podem ou n\u00e3o corrigir os defeitos da cacha\u00e7a. Uma s\u00e9rie de outros questionamentos sobre a causa das cacha\u00e7as serem diferentes tamb\u00e9m ser\u00e3o levantados por especialistas no assunto e acontecer\u00e1 das 19:00 \u00e0s 21:30, fechando as palestras do dia 05.&nbsp;<br><\/p>\n\n\n\n<h2 class=\"wp-block-heading\">Terceiro Painel &#8211; Por que a cacha\u00e7a ainda sofre tanto preconceito?&nbsp;<br><\/h2>\n\n\n\n<p class=\"wp-block-paragraph\">Com um t\u00edtulo um tanto chamativo, o terceiro painel abrir\u00e1 as palestras do dia 06 de Setembro. Buscando entender um pouco sobre a raz\u00e3o de um destilado t\u00e3o nobre n\u00e3o receber o seu devido respeito, os palestrantes trazem questionamentos que ir\u00e3o ajudar os produtores a entender as causas desse fen\u00f4meno e, consequentemente, combat\u00ea-las. Entre os diversos t\u00f3picos deste painel, o Jornalista Sidney Maschio apresentar\u00e1 como os meios de comunica\u00e7\u00e3o enxergam a cacha\u00e7a. As palestras come\u00e7ar\u00e3o \u00e0s 16:00 e tem o prazo de encerramento para \u00e0s 18:30, dando espa\u00e7o para os debates do quarto painel.&nbsp;<br><\/p>\n\n\n\n<h2 class=\"wp-block-heading\">Quarto Painel &#8211; Comercializa\u00e7\u00e3o e exporta\u00e7\u00e3o<br><\/h2>\n\n\n\n<p class=\"wp-block-paragraph\">Para encerrar as palestras do \u00faltimo dia, o quarto painel busca debater a comercializa\u00e7\u00e3o da cacha\u00e7a no mercado externo. O primeiro palestrante ser\u00e1 Thyrso Neto, da Cacha\u00e7a Yaguara, que ir\u00e1 abordar sobre o perfil do cliente da cacha\u00e7a. J\u00e1 Fernando Silveira do SEBRAE de Minas Gerais, levar\u00e1 quest\u00f5es para os produtores pensarem no Marketing de suas cacha\u00e7as. A quest\u00e3o da coquetelaria, e-commerce e a import\u00e2ncia das distribuidoras para o pequeno produtor, tamb\u00e9m s\u00e3o pautas das palestras do quarto painel, que come\u00e7ar\u00e1 \u00e0s 19:00 e terminar\u00e1 \u00e0s 21:30.<br><\/p>\n\n\n\n<p class=\"wp-block-paragraph\">O Sal\u00e3o de Neg\u00f3cios e Congresso Brasileiro da Cacha\u00e7a conta com o apoio de institucionais, como a Associa\u00e7\u00e3o Nacional de Produtores de Cacha\u00e7a de Qualidade (ANPAQ) e a Academia Brasileira de Cacha\u00e7a de Alambique (ABCA). O evento \u00e9 uma grande oportunidade de aprendizado e de neg\u00f3cios aos produtores de cacha\u00e7a, uma vez que, trata-se de dois dias imersos no setor junto a outros produtores e especialistas no assunto.&nbsp;<\/p>\n\n\n\n<p class=\"wp-block-paragraph\">O Sal\u00e3o de Neg\u00f3cios chama tamb\u00e9m a aten\u00e7\u00e3o dos consumidores apaixonados pelo destilado, que al\u00e9m de comprar garrafas da bebida, tamb\u00e9m podem participar do Cacha\u00e7a Experience. Trata-se de um espa\u00e7o onde estar\u00e3o aptos a experimentar diversos drinques, feitos por uma equipe minuciosamente selecionada que conta com os 30 melhores bartenders do Esp\u00edrito Santo.&nbsp;<\/p>\n\n\n\n<p class=\"wp-block-paragraph\">Para mais informa\u00e7\u00f5es sobre o evento, <a href=\"https:\/\/salaodacachaca.com.br\/\">clique aqui.&nbsp;<\/a><\/p>\n\n\n\n<style type=\"text\/css\">\n\na.btn-social,\n.btn-social, .btn-social:focus\n{\n    border-radius: 50%;    \n    display: inline-block;\n    height: 54px;\n    width: 54px;\n    line-height: 54px;\n    margin: 8px 4px;\n    text-align: center;\n    text-decoration: none;\n    transition: background-color .45s;\n    webkit-transition: background-color .45s;\n    border: 2px solid !important;\n    border-color: #4f482c !important;\n    color: #4f482c !important;\n    font-size: 1.5em !important;\n    \n}\n\n.btn-social .fa,.btn-social i\n{\t\n\tpadding-top: 33%;\n    backface-visibility: hidden;\n    moz-backface-visibility: hidden;\n    ms-transform: scale(1);\n    o-transform: scale(1);\n    transform: scale(1);\n    transition: all .45s;\n    webkit-backface-visibility: hidden;\n    webkit-transform: scale(1);\n    webkit-transition: all .45s;\n}\n.btn-social:hover\n{\n    color: #fff !important;\n    border: 2px solid !important;\n    border-color: transparent !important;\n    outline: none;\n    text-decoration: none;\n}\n\/*.btn-social:hover .fa,.btn-social:focus .fa,.btn-social:hover i,.btn-social:focus i\n{\n    ms-transform: scale(1.1);\n    o-transform: scale(1.1);\n    transform: scale(1.1);\n    webkit-transform: scale(1.1);\n}*\/\n.btn-social.btn-xs\n{\n    font-size: 9px;\n    height: 24px;\n    line-height: 13px;\n    margin: 6px 2px;\n    width: 24px;\n}\n.btn-social.btn-sm\n{\n    font-size: 13px;\n    height: 36px;\n    line-height: 18px;\n    margin: 6px 2px;\n    width: 36px;\n}\n.btn-social.btn-lg\n{\n    font-size: 22px;\n    height: 72px;\n    line-height: 40px;\n    margin: 10px 6px;\n    width: 72px;\n}\n\n.btn-facebook:hover\n{\n    background-color: #4c70ba;\n}\n\n.btn-instagram:hover\n{\n    background-color: #fe4164;\n}\n\n.btn-linkedin:hover\n{\n    background-color: #0b96e5;\n}\n\n.btn-twitter:hover\n{\n    background-color: #83c3f3;\n}\n\n.btn-youtube:hover\n{\n    background-color: #e52d27;\n}\n\n.redes-sociais-post{\n\tmargin-top: 15px;\n\tmargin-bottom: 15px;\n}\n\n<\/style>\n\n    \n<div class=\"col-lg-12 redes-sociais-post\" style=\"text-align: center\">        \n    <p>Siga-nos em nossas redes sociais<\/p>\n    <a href=\"https:\/\/www.facebook.com\/cachacagestor\/\" target=\"_blank\" class=\"btn-social btn-facebook\" rel=\"noopener noreferrer\"><i class=\"fab fa-facebook-f\"><\/i><\/a>\n\n    <a href=\"https:\/\/www.instagram.com\/cachacagestor\/\" target=\"_blank\" class=\"btn-social btn-instagram\" rel=\"noopener noreferrer\"><i class=\"fab fa-instagram\"><\/i><\/a>\n\n    <a href=\"https:\/\/www.youtube.com\/c\/Cacha\u00e7aGestor\" target=\"_blank\" class=\"btn-social btn-youtube\" rel=\"noopener noreferrer\"><i class=\"fab fa-youtube\"><\/i><\/a>\t        \n    \n    <a href=\"https:\/\/www.linkedin.com\/company\/cacha\u00e7a-gestor\" target=\"_blank\" class=\"btn-social btn-linkedin\" rel=\"noopener noreferrer\"><i class=\"fab fa-linkedin-in\"><\/i><\/a>\n    \n    <a href=\"https:\/\/twitter.com\/cachacagestor\" target=\"_blank\" class=\"btn-social btn-twitter\" rel=\"noopener noreferrer\"><i class=\"fab fa-twitter\"><\/i><\/a>\t        \n    \n    \n<\/div>\n","protected":false},"excerpt":{"rendered":"<p>Durante os dias 05 e 06 de Setembro, acontecer\u00e1 em Vit\u00f3ria &#8211; ES o Congresso Brasileiro da Cacha\u00e7a. O evento ter\u00e1 in\u00edcio \u00e0s 13:00 e t\u00e9rmino \u00e0s 23:00, contando com uma s\u00e9rie de especialistas do setor.&nbsp; De acordo com um dos organizadores, Ad\u00e3o Cellia, propriet\u00e1rio da marca Princesa Isabel, o evento busca uma integra\u00e7\u00e3o dos [&hellip;]<\/p>\n","protected":false},"author":1,"featured_media":1347,"comment_status":"open","ping_status":"open","sticky":false,"template":"","format":"standard","meta":{"_exactmetrics_skip_tracking":false,"footnotes":""},"categories":[100,113],"tags":[4,160],"class_list":["post-1338","post","type-post","status-publish","format-standard","has-post-thumbnail","hentry","category-comercio-de-cachaca","category-eventos","tag-cachaca-de-qualidade","tag-congresso-da-cachaca"],"yoast_head":"<!-- This site is optimized with the Yoast SEO plugin v28.3 - https:\/\/yoast.com\/product\/yoast-seo-wordpress\/ -->\n<title>Congresso Brasileiro da Cacha\u00e7a - 05 e 06 de Setembro - Cacha\u00e7a Gestor - Blog<\/title>\n<meta name=\"description\" content=\"Durante os dias 05 e 06 de Setembro, acontecer\u00e1 em Vit\u00f3ria - ES o Congresso Brasileiro da Cacha\u00e7a. O evento ter\u00e1 in\u00edcio \u00e0s 13:00 e t\u00e9rmino \u00e0s 23:00, contando com uma s\u00e9rie de especialistas do setor.\" \/>\n<meta name=\"robots\" content=\"index, follow, max-snippet:-1, max-image-preview:large, max-video-preview:-1\" \/>\n<link rel=\"canonical\" href=\"https:\/\/cachacagestor.com.br\/blog\/congresso-brasileiro-da-cachaca-05-e-06-de-setembro\/\" \/>\n<meta property=\"og:locale\" content=\"pt_BR\" \/>\n<meta property=\"og:type\" content=\"article\" \/>\n<meta property=\"og:title\" content=\"Congresso Brasileiro da Cacha\u00e7a - 05 e 06 de Setembro - Cacha\u00e7a Gestor - Blog\" \/>\n<meta property=\"og:description\" content=\"Durante os dias 05 e 06 de Setembro, acontecer\u00e1 em Vit\u00f3ria - ES o Congresso Brasileiro da Cacha\u00e7a. O evento ter\u00e1 in\u00edcio \u00e0s 13:00 e t\u00e9rmino \u00e0s 23:00, contando com uma s\u00e9rie de especialistas do setor.\" \/>\n<meta property=\"og:url\" content=\"https:\/\/cachacagestor.com.br\/blog\/congresso-brasileiro-da-cachaca-05-e-06-de-setembro\/\" \/>\n<meta property=\"og:site_name\" content=\"Cacha\u00e7a Gestor - Blog\" \/>\n<meta property=\"article:publisher\" content=\"https:\/\/www.facebook.com\/cachacagestor\" \/>\n<meta property=\"article:author\" content=\"https:\/\/www.facebook.com\/cachacagestor\" \/>\n<meta property=\"article:published_time\" content=\"2019-08-16T20:37:00+00:00\" \/>\n<meta property=\"article:modified_time\" content=\"2021-02-22T18:00:52+00:00\" \/>\n<meta property=\"og:image\" content=\"https:\/\/cachacagestor.com.br\/blog\/wp-content\/uploads\/2019\/08\/20190820_143505_0000.png\" \/>\n\t<meta property=\"og:image:width\" content=\"1080\" \/>\n\t<meta property=\"og:image:height\" content=\"1080\" \/>\n\t<meta property=\"og:image:type\" content=\"image\/png\" \/>\n<meta name=\"author\" content=\"cachacagestor\" \/>\n<meta name=\"twitter:card\" content=\"summary_large_image\" \/>\n<meta name=\"twitter:label1\" content=\"Escrito por\" \/>\n\t<meta name=\"twitter:data1\" content=\"cachacagestor\" \/>\n\t<meta name=\"twitter:label2\" content=\"Est. tempo de leitura\" \/>\n\t<meta name=\"twitter:data2\" content=\"4 minutos\" \/>\n<script type=\"application\/ld+json\" class=\"yoast-schema-graph\">{\"@context\":\"https:\\\/\\\/schema.org\",\"@graph\":[{\"@type\":\"Article\",\"@id\":\"https:\\\/\\\/cachacagestor.com.br\\\/blog\\\/congresso-brasileiro-da-cachaca-05-e-06-de-setembro\\\/#article\",\"isPartOf\":{\"@id\":\"https:\\\/\\\/cachacagestor.com.br\\\/blog\\\/congresso-brasileiro-da-cachaca-05-e-06-de-setembro\\\/\"},\"author\":{\"name\":\"cachacagestor\",\"@id\":\"https:\\\/\\\/cachacagestor.com.br\\\/blog\\\/#\\\/schema\\\/person\\\/2165d6cccc417459e7ed0cf21207645e\"},\"headline\":\"Congresso Brasileiro da Cacha\u00e7a &#8211; 05 e 06 de Setembro\",\"datePublished\":\"2019-08-16T20:37:00+00:00\",\"dateModified\":\"2021-02-22T18:00:52+00:00\",\"mainEntityOfPage\":{\"@id\":\"https:\\\/\\\/cachacagestor.com.br\\\/blog\\\/congresso-brasileiro-da-cachaca-05-e-06-de-setembro\\\/\"},\"wordCount\":781,\"commentCount\":0,\"publisher\":{\"@id\":\"https:\\\/\\\/cachacagestor.com.br\\\/blog\\\/#organization\"},\"image\":{\"@id\":\"https:\\\/\\\/cachacagestor.com.br\\\/blog\\\/congresso-brasileiro-da-cachaca-05-e-06-de-setembro\\\/#primaryimage\"},\"thumbnailUrl\":\"https:\\\/\\\/cachacagestor.com.br\\\/blog\\\/wp-content\\\/uploads\\\/2019\\\/08\\\/20190820_143505_0000.png\",\"keywords\":[\"cacha\u00e7a de qualidade\",\"Congresso da Cacha\u00e7a\"],\"articleSection\":[\"COM\u00c9RCIO DE CACHA\u00c7A\",\"EVENTOS\"],\"inLanguage\":\"pt-BR\",\"potentialAction\":[{\"@type\":\"CommentAction\",\"name\":\"Comment\",\"target\":[\"https:\\\/\\\/cachacagestor.com.br\\\/blog\\\/congresso-brasileiro-da-cachaca-05-e-06-de-setembro\\\/#respond\"]}]},{\"@type\":\"WebPage\",\"@id\":\"https:\\\/\\\/cachacagestor.com.br\\\/blog\\\/congresso-brasileiro-da-cachaca-05-e-06-de-setembro\\\/\",\"url\":\"https:\\\/\\\/cachacagestor.com.br\\\/blog\\\/congresso-brasileiro-da-cachaca-05-e-06-de-setembro\\\/\",\"name\":\"Congresso Brasileiro da Cacha\u00e7a - 05 e 06 de Setembro - Cacha\u00e7a Gestor - Blog\",\"isPartOf\":{\"@id\":\"https:\\\/\\\/cachacagestor.com.br\\\/blog\\\/#website\"},\"primaryImageOfPage\":{\"@id\":\"https:\\\/\\\/cachacagestor.com.br\\\/blog\\\/congresso-brasileiro-da-cachaca-05-e-06-de-setembro\\\/#primaryimage\"},\"image\":{\"@id\":\"https:\\\/\\\/cachacagestor.com.br\\\/blog\\\/congresso-brasileiro-da-cachaca-05-e-06-de-setembro\\\/#primaryimage\"},\"thumbnailUrl\":\"https:\\\/\\\/cachacagestor.com.br\\\/blog\\\/wp-content\\\/uploads\\\/2019\\\/08\\\/20190820_143505_0000.png\",\"datePublished\":\"2019-08-16T20:37:00+00:00\",\"dateModified\":\"2021-02-22T18:00:52+00:00\",\"description\":\"Durante os dias 05 e 06 de Setembro, acontecer\u00e1 em Vit\u00f3ria - ES o Congresso Brasileiro da Cacha\u00e7a. O evento ter\u00e1 in\u00edcio \u00e0s 13:00 e t\u00e9rmino \u00e0s 23:00, contando com uma s\u00e9rie de especialistas do setor.\",\"breadcrumb\":{\"@id\":\"https:\\\/\\\/cachacagestor.com.br\\\/blog\\\/congresso-brasileiro-da-cachaca-05-e-06-de-setembro\\\/#breadcrumb\"},\"inLanguage\":\"pt-BR\",\"potentialAction\":[{\"@type\":\"ReadAction\",\"target\":[\"https:\\\/\\\/cachacagestor.com.br\\\/blog\\\/congresso-brasileiro-da-cachaca-05-e-06-de-setembro\\\/\"]}]},{\"@type\":\"ImageObject\",\"inLanguage\":\"pt-BR\",\"@id\":\"https:\\\/\\\/cachacagestor.com.br\\\/blog\\\/congresso-brasileiro-da-cachaca-05-e-06-de-setembro\\\/#primaryimage\",\"url\":\"https:\\\/\\\/cachacagestor.com.br\\\/blog\\\/wp-content\\\/uploads\\\/2019\\\/08\\\/20190820_143505_0000.png\",\"contentUrl\":\"https:\\\/\\\/cachacagestor.com.br\\\/blog\\\/wp-content\\\/uploads\\\/2019\\\/08\\\/20190820_143505_0000.png\",\"width\":1080,\"height\":1080},{\"@type\":\"BreadcrumbList\",\"@id\":\"https:\\\/\\\/cachacagestor.com.br\\\/blog\\\/congresso-brasileiro-da-cachaca-05-e-06-de-setembro\\\/#breadcrumb\",\"itemListElement\":[{\"@type\":\"ListItem\",\"position\":1,\"name\":\"In\u00edcio\",\"item\":\"https:\\\/\\\/cachacagestor.com.br\\\/blog\\\/\"},{\"@type\":\"ListItem\",\"position\":2,\"name\":\"Congresso Brasileiro da Cacha\u00e7a &#8211; 05 e 06 de Setembro\"}]},{\"@type\":\"WebSite\",\"@id\":\"https:\\\/\\\/cachacagestor.com.br\\\/blog\\\/#website\",\"url\":\"https:\\\/\\\/cachacagestor.com.br\\\/blog\\\/\",\"name\":\"Cacha\u00e7a Gestor\",\"description\":\"\",\"publisher\":{\"@id\":\"https:\\\/\\\/cachacagestor.com.br\\\/blog\\\/#organization\"},\"potentialAction\":[{\"@type\":\"SearchAction\",\"target\":{\"@type\":\"EntryPoint\",\"urlTemplate\":\"https:\\\/\\\/cachacagestor.com.br\\\/blog\\\/?s={search_term_string}\"},\"query-input\":{\"@type\":\"PropertyValueSpecification\",\"valueRequired\":true,\"valueName\":\"search_term_string\"}}],\"inLanguage\":\"pt-BR\"},{\"@type\":\"Organization\",\"@id\":\"https:\\\/\\\/cachacagestor.com.br\\\/blog\\\/#organization\",\"name\":\"Cacha\u00e7a Gerstor\",\"url\":\"https:\\\/\\\/cachacagestor.com.br\\\/blog\\\/\",\"logo\":{\"@type\":\"ImageObject\",\"inLanguage\":\"pt-BR\",\"@id\":\"https:\\\/\\\/cachacagestor.com.br\\\/blog\\\/#\\\/schema\\\/logo\\\/image\\\/\",\"url\":\"https:\\\/\\\/cachacagestor.com.br\\\/blog\\\/wp-content\\\/uploads\\\/2016\\\/05\\\/logo-fb.png\",\"contentUrl\":\"https:\\\/\\\/cachacagestor.com.br\\\/blog\\\/wp-content\\\/uploads\\\/2016\\\/05\\\/logo-fb.png\",\"width\":504,\"height\":504,\"caption\":\"Cacha\u00e7a Gerstor\"},\"image\":{\"@id\":\"https:\\\/\\\/cachacagestor.com.br\\\/blog\\\/#\\\/schema\\\/logo\\\/image\\\/\"},\"sameAs\":[\"https:\\\/\\\/www.facebook.com\\\/cachacagestor\",\"https:\\\/\\\/www.instagram.com\\\/cachacagestor\\\/\",\"https:\\\/\\\/www.linkedin.com\\\/company\\\/cacha\u00e7a-gestor\\\/\",\"https:\\\/\\\/www.youtube.com\\\/channel\\\/UCwWCpQJKwUs7AIk_blTKIfA?view_as=subscriber\"]},{\"@type\":\"Person\",\"@id\":\"https:\\\/\\\/cachacagestor.com.br\\\/blog\\\/#\\\/schema\\\/person\\\/2165d6cccc417459e7ed0cf21207645e\",\"name\":\"cachacagestor\",\"image\":{\"@type\":\"ImageObject\",\"inLanguage\":\"pt-BR\",\"@id\":\"https:\\\/\\\/secure.gravatar.com\\\/avatar\\\/d9d47835dcb57695097d1e99cf5552e6eea87d217f357a5177aea401dea02c00?s=96&d=mm&r=g\",\"url\":\"https:\\\/\\\/secure.gravatar.com\\\/avatar\\\/d9d47835dcb57695097d1e99cf5552e6eea87d217f357a5177aea401dea02c00?s=96&d=mm&r=g\",\"contentUrl\":\"https:\\\/\\\/secure.gravatar.com\\\/avatar\\\/d9d47835dcb57695097d1e99cf5552e6eea87d217f357a5177aea401dea02c00?s=96&d=mm&r=g\",\"caption\":\"cachacagestor\"},\"sameAs\":[\"https:\\\/\\\/www.cachacagestor.com.br\",\"https:\\\/\\\/www.facebook.com\\\/cachacagestor\"],\"url\":\"https:\\\/\\\/cachacagestor.com.br\\\/blog\\\/author\\\/cachacagestor\\\/\"}]}<\/script>\n<!-- \/ Yoast SEO plugin. -->","yoast_head_json":{"title":"Congresso Brasileiro da Cacha\u00e7a - 05 e 06 de Setembro - Cacha\u00e7a Gestor - Blog","description":"Durante os dias 05 e 06 de Setembro, acontecer\u00e1 em Vit\u00f3ria - ES o Congresso Brasileiro da Cacha\u00e7a. O evento ter\u00e1 in\u00edcio \u00e0s 13:00 e t\u00e9rmino \u00e0s 23:00, contando com uma s\u00e9rie de especialistas do setor.","robots":{"index":"index","follow":"follow","max-snippet":"max-snippet:-1","max-image-preview":"max-image-preview:large","max-video-preview":"max-video-preview:-1"},"canonical":"https:\/\/cachacagestor.com.br\/blog\/congresso-brasileiro-da-cachaca-05-e-06-de-setembro\/","og_locale":"pt_BR","og_type":"article","og_title":"Congresso Brasileiro da Cacha\u00e7a - 05 e 06 de Setembro - Cacha\u00e7a Gestor - Blog","og_description":"Durante os dias 05 e 06 de Setembro, acontecer\u00e1 em Vit\u00f3ria - ES o Congresso Brasileiro da Cacha\u00e7a. O evento ter\u00e1 in\u00edcio \u00e0s 13:00 e t\u00e9rmino \u00e0s 23:00, contando com uma s\u00e9rie de especialistas do setor.","og_url":"https:\/\/cachacagestor.com.br\/blog\/congresso-brasileiro-da-cachaca-05-e-06-de-setembro\/","og_site_name":"Cacha\u00e7a Gestor - Blog","article_publisher":"https:\/\/www.facebook.com\/cachacagestor","article_author":"https:\/\/www.facebook.com\/cachacagestor","article_published_time":"2019-08-16T20:37:00+00:00","article_modified_time":"2021-02-22T18:00:52+00:00","og_image":[{"width":1080,"height":1080,"url":"https:\/\/cachacagestor.com.br\/blog\/wp-content\/uploads\/2019\/08\/20190820_143505_0000.png","type":"image\/png"}],"author":"cachacagestor","twitter_card":"summary_large_image","twitter_misc":{"Escrito por":"cachacagestor","Est. tempo de leitura":"4 minutos"},"schema":{"@context":"https:\/\/schema.org","@graph":[{"@type":"Article","@id":"https:\/\/cachacagestor.com.br\/blog\/congresso-brasileiro-da-cachaca-05-e-06-de-setembro\/#article","isPartOf":{"@id":"https:\/\/cachacagestor.com.br\/blog\/congresso-brasileiro-da-cachaca-05-e-06-de-setembro\/"},"author":{"name":"cachacagestor","@id":"https:\/\/cachacagestor.com.br\/blog\/#\/schema\/person\/2165d6cccc417459e7ed0cf21207645e"},"headline":"Congresso Brasileiro da Cacha\u00e7a &#8211; 05 e 06 de Setembro","datePublished":"2019-08-16T20:37:00+00:00","dateModified":"2021-02-22T18:00:52+00:00","mainEntityOfPage":{"@id":"https:\/\/cachacagestor.com.br\/blog\/congresso-brasileiro-da-cachaca-05-e-06-de-setembro\/"},"wordCount":781,"commentCount":0,"publisher":{"@id":"https:\/\/cachacagestor.com.br\/blog\/#organization"},"image":{"@id":"https:\/\/cachacagestor.com.br\/blog\/congresso-brasileiro-da-cachaca-05-e-06-de-setembro\/#primaryimage"},"thumbnailUrl":"https:\/\/cachacagestor.com.br\/blog\/wp-content\/uploads\/2019\/08\/20190820_143505_0000.png","keywords":["cacha\u00e7a de qualidade","Congresso da Cacha\u00e7a"],"articleSection":["COM\u00c9RCIO DE CACHA\u00c7A","EVENTOS"],"inLanguage":"pt-BR","potentialAction":[{"@type":"CommentAction","name":"Comment","target":["https:\/\/cachacagestor.com.br\/blog\/congresso-brasileiro-da-cachaca-05-e-06-de-setembro\/#respond"]}]},{"@type":"WebPage","@id":"https:\/\/cachacagestor.com.br\/blog\/congresso-brasileiro-da-cachaca-05-e-06-de-setembro\/","url":"https:\/\/cachacagestor.com.br\/blog\/congresso-brasileiro-da-cachaca-05-e-06-de-setembro\/","name":"Congresso Brasileiro da Cacha\u00e7a - 05 e 06 de Setembro - Cacha\u00e7a Gestor - Blog","isPartOf":{"@id":"https:\/\/cachacagestor.com.br\/blog\/#website"},"primaryImageOfPage":{"@id":"https:\/\/cachacagestor.com.br\/blog\/congresso-brasileiro-da-cachaca-05-e-06-de-setembro\/#primaryimage"},"image":{"@id":"https:\/\/cachacagestor.com.br\/blog\/congresso-brasileiro-da-cachaca-05-e-06-de-setembro\/#primaryimage"},"thumbnailUrl":"https:\/\/cachacagestor.com.br\/blog\/wp-content\/uploads\/2019\/08\/20190820_143505_0000.png","datePublished":"2019-08-16T20:37:00+00:00","dateModified":"2021-02-22T18:00:52+00:00","description":"Durante os dias 05 e 06 de Setembro, acontecer\u00e1 em Vit\u00f3ria - ES o Congresso Brasileiro da Cacha\u00e7a. O evento ter\u00e1 in\u00edcio \u00e0s 13:00 e t\u00e9rmino \u00e0s 23:00, contando com uma s\u00e9rie de especialistas do setor.","breadcrumb":{"@id":"https:\/\/cachacagestor.com.br\/blog\/congresso-brasileiro-da-cachaca-05-e-06-de-setembro\/#breadcrumb"},"inLanguage":"pt-BR","potentialAction":[{"@type":"ReadAction","target":["https:\/\/cachacagestor.com.br\/blog\/congresso-brasileiro-da-cachaca-05-e-06-de-setembro\/"]}]},{"@type":"ImageObject","inLanguage":"pt-BR","@id":"https:\/\/cachacagestor.com.br\/blog\/congresso-brasileiro-da-cachaca-05-e-06-de-setembro\/#primaryimage","url":"https:\/\/cachacagestor.com.br\/blog\/wp-content\/uploads\/2019\/08\/20190820_143505_0000.png","contentUrl":"https:\/\/cachacagestor.com.br\/blog\/wp-content\/uploads\/2019\/08\/20190820_143505_0000.png","width":1080,"height":1080},{"@type":"BreadcrumbList","@id":"https:\/\/cachacagestor.com.br\/blog\/congresso-brasileiro-da-cachaca-05-e-06-de-setembro\/#breadcrumb","itemListElement":[{"@type":"ListItem","position":1,"name":"In\u00edcio","item":"https:\/\/cachacagestor.com.br\/blog\/"},{"@type":"ListItem","position":2,"name":"Congresso Brasileiro da Cacha\u00e7a &#8211; 05 e 06 de Setembro"}]},{"@type":"WebSite","@id":"https:\/\/cachacagestor.com.br\/blog\/#website","url":"https:\/\/cachacagestor.com.br\/blog\/","name":"Cacha\u00e7a Gestor","description":"","publisher":{"@id":"https:\/\/cachacagestor.com.br\/blog\/#organization"},"potentialAction":[{"@type":"SearchAction","target":{"@type":"EntryPoint","urlTemplate":"https:\/\/cachacagestor.com.br\/blog\/?s={search_term_string}"},"query-input":{"@type":"PropertyValueSpecification","valueRequired":true,"valueName":"search_term_string"}}],"inLanguage":"pt-BR"},{"@type":"Organization","@id":"https:\/\/cachacagestor.com.br\/blog\/#organization","name":"Cacha\u00e7a Gerstor","url":"https:\/\/cachacagestor.com.br\/blog\/","logo":{"@type":"ImageObject","inLanguage":"pt-BR","@id":"https:\/\/cachacagestor.com.br\/blog\/#\/schema\/logo\/image\/","url":"https:\/\/cachacagestor.com.br\/blog\/wp-content\/uploads\/2016\/05\/logo-fb.png","contentUrl":"https:\/\/cachacagestor.com.br\/blog\/wp-content\/uploads\/2016\/05\/logo-fb.png","width":504,"height":504,"caption":"Cacha\u00e7a Gerstor"},"image":{"@id":"https:\/\/cachacagestor.com.br\/blog\/#\/schema\/logo\/image\/"},"sameAs":["https:\/\/www.facebook.com\/cachacagestor","https:\/\/www.instagram.com\/cachacagestor\/","https:\/\/www.linkedin.com\/company\/cacha\u00e7a-gestor\/","https:\/\/www.youtube.com\/channel\/UCwWCpQJKwUs7AIk_blTKIfA?view_as=subscriber"]},{"@type":"Person","@id":"https:\/\/cachacagestor.com.br\/blog\/#\/schema\/person\/2165d6cccc417459e7ed0cf21207645e","name":"cachacagestor","image":{"@type":"ImageObject","inLanguage":"pt-BR","@id":"https:\/\/secure.gravatar.com\/avatar\/d9d47835dcb57695097d1e99cf5552e6eea87d217f357a5177aea401dea02c00?s=96&d=mm&r=g","url":"https:\/\/secure.gravatar.com\/avatar\/d9d47835dcb57695097d1e99cf5552e6eea87d217f357a5177aea401dea02c00?s=96&d=mm&r=g","contentUrl":"https:\/\/secure.gravatar.com\/avatar\/d9d47835dcb57695097d1e99cf5552e6eea87d217f357a5177aea401dea02c00?s=96&d=mm&r=g","caption":"cachacagestor"},"sameAs":["https:\/\/www.cachacagestor.com.br","https:\/\/www.facebook.com\/cachacagestor"],"url":"https:\/\/cachacagestor.com.br\/blog\/author\/cachacagestor\/"}]}},"_links":{"self":[{"href":"https:\/\/cachacagestor.com.br\/blog\/wp-json\/wp\/v2\/posts\/1338","targetHints":{"allow":["GET"]}}],"collection":[{"href":"https:\/\/cachacagestor.com.br\/blog\/wp-json\/wp\/v2\/posts"}],"about":[{"href":"https:\/\/cachacagestor.com.br\/blog\/wp-json\/wp\/v2\/types\/post"}],"author":[{"embeddable":true,"href":"https:\/\/cachacagestor.com.br\/blog\/wp-json\/wp\/v2\/users\/1"}],"replies":[{"embeddable":true,"href":"https:\/\/cachacagestor.com.br\/blog\/wp-json\/wp\/v2\/comments?post=1338"}],"version-history":[{"count":4,"href":"https:\/\/cachacagestor.com.br\/blog\/wp-json\/wp\/v2\/posts\/1338\/revisions"}],"predecessor-version":[{"id":1867,"href":"https:\/\/cachacagestor.com.br\/blog\/wp-json\/wp\/v2\/posts\/1338\/revisions\/1867"}],"wp:featuredmedia":[{"embeddable":true,"href":"https:\/\/cachacagestor.com.br\/blog\/wp-json\/wp\/v2\/media\/1347"}],"wp:attachment":[{"href":"https:\/\/cachacagestor.com.br\/blog\/wp-json\/wp\/v2\/media?parent=1338"}],"wp:term":[{"taxonomy":"category","embeddable":true,"href":"https:\/\/cachacagestor.com.br\/blog\/wp-json\/wp\/v2\/categories?post=1338"},{"taxonomy":"post_tag","embeddable":true,"href":"https:\/\/cachacagestor.com.br\/blog\/wp-json\/wp\/v2\/tags?post=1338"}],"curies":[{"name":"wp","href":"https:\/\/api.w.org\/{rel}","templated":true}]}}