{"id":1820,"date":"2021-01-29T10:04:28","date_gmt":"2021-01-29T13:04:28","guid":{"rendered":"https:\/\/cachacagestor.com.br\/blog\/?p=1820"},"modified":"2021-02-22T14:59:46","modified_gmt":"2021-02-22T17:59:46","slug":"declaracao-anual-de-producao-e-estoque-de-cachaca-2020","status":"publish","type":"post","link":"https:\/\/cachacagestor.com.br\/blog\/declaracao-anual-de-producao-e-estoque-de-cachaca-2020\/","title":{"rendered":"Declara\u00e7\u00e3o anual de produ\u00e7\u00e3o e estoque de cacha\u00e7a"},"content":{"rendered":"\n<p class=\"wp-block-paragraph\">Aten\u00e7\u00e3o: Produtores, atacadistas e envasadores de cacha\u00e7a e aguardente de cana-de- a\u00e7\u00facar devem enviar at\u00e9 o pr\u00f3ximo domingo (31\/01) a declara\u00e7\u00e3o anual de produ\u00e7\u00e3o e estoque de cacha\u00e7a referente \u00e0 2020  para a Superintend\u00eancia Federal de Agricultura da sua unidade federativa.<\/p>\n\n\n\n<p class=\"wp-block-paragraph\">De acordo com o Decreto <a rel=\"noreferrer noopener\" aria-label=\" (abre numa nova aba)\" href=\"http:\/\/www.planalto.gov.br\/ccivil_03\/_ato2007-2010\/2009\/decreto\/d6871.htm#:~:text=Decreto%20n%C2%BA%206871&amp;text=DECRETO%20N%C2%BA%206.871%2C%20DE%204,e%20a%20fiscaliza%C3%A7%C3%A3o%20de%20bebidas.\" target=\"_blank\">n\u00ba 6.871\/200<\/a> (MAPA \u2013 Bebidas de origem vegetal),  que regulamenta a<a rel=\"noreferrer noopener\" aria-label=\" (abre numa nova aba)\" href=\"http:\/\/www.planalto.gov.br\/ccivil_03\/leis\/l8918.htm\" target=\"_blank\"> Lei n\u00ba 8.918\/1994<\/a>, prev\u00ea-se a obrigatoriedade da declara\u00e7\u00e3o anual de produ\u00e7\u00e3o e estoques de bebidas, conforme o artigo citado abaixo: <\/p>\n\n\n\n<blockquote class=\"wp-block-quote is-layout-flow wp-block-quote-is-layout-flow\"><p> <em>&nbsp;Art. 86. Para efeito de controle, todos os estabelecimentos previstos neste Regulamento ficam obrigados a apresentar ao \u00f3rg\u00e3o t\u00e9cnico especializado da Superintend\u00eancia Federal de Agricultura, Pecu\u00e1ria e Abastecimento na sua respectiva unidade da federa\u00e7\u00e3o at\u00e9 o dia 31 de janeiro do ano subsequente, declara\u00e7\u00e3o de produ\u00e7\u00e3o anual na qual conste a quantidade de produto elaborado e os estoques existentes no final de cada ano.<\/em> <\/p><\/blockquote>\n\n\n\n<p class=\"wp-block-paragraph\">Nesse sentido, o Relat\u00f3rio de Produ\u00e7\u00e3o deve ser encaminhado ao Minist\u00e9rio da Agricultura, Pecu\u00e1ria e Abastecimento em <strong>Planilha no Formato Digital<\/strong> atrav\u00e9s do e-mail do servi\u00e7o do MAPA,  \u00f3rg\u00e3o respons\u00e1vel pelo registro do estabelecimento. Portanto, caso, ao realizar a sua declara\u00e7\u00e3o anual de produ\u00e7\u00e3o e estoque de cacha\u00e7a, voc\u00ea tenha problemas em encontrar informa\u00e7\u00f5es sobre a  superintend\u00eancia do seu estado, <a href=\"https:\/\/www.gov.br\/agricultura\/pt-br\/acesso-a-informacao\/institucional\/quem-e-quem-novo\/superintendencias-federais-de-agricultura-sfa\"> <\/a><em><strong><a href=\"https:\/\/www.gov.br\/agricultura\/pt-br\/acesso-a-informacao\/institucional\/quem-e-quem-novo\/superintendencias-federais-de-agricultura-sfa\">clique aqui<\/a><\/strong><\/em> para ser redirecionado ao site do MAPA, nele voc\u00ea conseguir\u00e1 verificar todos os dados da sua superintend\u00eancia.<\/p>\n\n\n\n<p class=\"wp-block-paragraph\"> Por outro lado, os <strong>clientes que usam o sistema do Cacha\u00e7a Gestor<\/strong> para controlar sua produ\u00e7\u00e3o, podem entrar em contato com a nossa equipe que n\u00f3s forneceremos os passos para montar o relat\u00f3rio de forma simplificada! <\/p>\n\n\n\n<p class=\"wp-block-paragraph\">Al\u00e9m disso, para facilitar o processo de declara\u00e7\u00e3o, deixamos aqui, tamb\u00e9m, <a rel=\"noreferrer noopener\" aria-label=\"um link (abre numa nova aba)\" href=\"https:\/\/drive.google.com\/file\/d\/1u0c__1ssAzhboDzLpVl6U5VPo4kdTUsY\/view?usp=sharing\" target=\"_blank\"><em><strong>um link<\/strong><\/em><\/a><em><strong> <\/strong><\/em>com um modelo do formul\u00e1rio para preenchimento, de acordo com o recomendado pelos \u00f3rg\u00e3os respons\u00e1veis. <\/p>\n\n\n\n<p class=\"wp-block-paragraph\">Al\u00e9m disso, vale ressaltar, que os produtores de Minas Gerais podem encontrar mais informa\u00e7\u00f5es no<strong><em> <\/em><\/strong><a rel=\"noreferrer noopener\" aria-label=\"site do IMA (abre numa nova aba)\" href=\"http:\/\/ima.mg.gov.br\/noticias\/1859-prazo-para-declarar-producao-e-estoque-de-cachaca-e-aguardente-de-cana-de-acucar-termina-no-proximo-domingo-31-01\" target=\"_blank\"><strong><em>site do IMA<\/em><\/strong><\/a>.<\/p>\n\n\n\n<style type=\"text\/css\">\n\na.btn-social,\n.btn-social, .btn-social:focus\n{\n    border-radius: 50%;    \n    display: inline-block;\n    height: 54px;\n    width: 54px;\n    line-height: 54px;\n    margin: 8px 4px;\n    text-align: center;\n    text-decoration: none;\n    transition: background-color .45s;\n    webkit-transition: background-color .45s;\n    border: 2px solid !important;\n    border-color: #4f482c !important;\n    color: #4f482c !important;\n    font-size: 1.5em !important;\n    \n}\n\n.btn-social .fa,.btn-social i\n{\t\n\tpadding-top: 33%;\n    backface-visibility: hidden;\n    moz-backface-visibility: hidden;\n    ms-transform: scale(1);\n    o-transform: scale(1);\n    transform: scale(1);\n    transition: all .45s;\n    webkit-backface-visibility: hidden;\n    webkit-transform: scale(1);\n    webkit-transition: all .45s;\n}\n.btn-social:hover\n{\n    color: #fff !important;\n    border: 2px solid !important;\n    border-color: transparent !important;\n    outline: none;\n    text-decoration: none;\n}\n\/*.btn-social:hover .fa,.btn-social:focus .fa,.btn-social:hover i,.btn-social:focus i\n{\n    ms-transform: scale(1.1);\n    o-transform: scale(1.1);\n    transform: scale(1.1);\n    webkit-transform: scale(1.1);\n}*\/\n.btn-social.btn-xs\n{\n    font-size: 9px;\n    height: 24px;\n    line-height: 13px;\n    margin: 6px 2px;\n    width: 24px;\n}\n.btn-social.btn-sm\n{\n    font-size: 13px;\n    height: 36px;\n    line-height: 18px;\n    margin: 6px 2px;\n    width: 36px;\n}\n.btn-social.btn-lg\n{\n    font-size: 22px;\n    height: 72px;\n    line-height: 40px;\n    margin: 10px 6px;\n    width: 72px;\n}\n\n.btn-facebook:hover\n{\n    background-color: #4c70ba;\n}\n\n.btn-instagram:hover\n{\n    background-color: #fe4164;\n}\n\n.btn-linkedin:hover\n{\n    background-color: #0b96e5;\n}\n\n.btn-twitter:hover\n{\n    background-color: #83c3f3;\n}\n\n.btn-youtube:hover\n{\n    background-color: #e52d27;\n}\n\n.redes-sociais-post{\n\tmargin-top: 15px;\n\tmargin-bottom: 15px;\n}\n\n<\/style>\n\n    \n<div class=\"col-lg-12 redes-sociais-post\" style=\"text-align: center\">        \n    <p>Siga-nos em nossas redes sociais<\/p>\n    <a href=\"https:\/\/www.facebook.com\/cachacagestor\/\" target=\"_blank\" class=\"btn-social btn-facebook\" rel=\"noopener noreferrer\"><i class=\"fab fa-facebook-f\"><\/i><\/a>\n\n    <a href=\"https:\/\/www.instagram.com\/cachacagestor\/\" target=\"_blank\" class=\"btn-social btn-instagram\" rel=\"noopener noreferrer\"><i class=\"fab fa-instagram\"><\/i><\/a>\n\n    <a href=\"https:\/\/www.youtube.com\/c\/Cacha\u00e7aGestor\" target=\"_blank\" class=\"btn-social btn-youtube\" rel=\"noopener noreferrer\"><i class=\"fab fa-youtube\"><\/i><\/a>\t        \n    \n    <a href=\"https:\/\/www.linkedin.com\/company\/cacha\u00e7a-gestor\" target=\"_blank\" class=\"btn-social btn-linkedin\" rel=\"noopener noreferrer\"><i class=\"fab fa-linkedin-in\"><\/i><\/a>\n    \n    <a href=\"https:\/\/twitter.com\/cachacagestor\" target=\"_blank\" class=\"btn-social btn-twitter\" rel=\"noopener noreferrer\"><i class=\"fab fa-twitter\"><\/i><\/a>\t        \n    \n    \n<\/div>\n\n\n\n<p class=\"wp-block-paragraph\"><\/p>\n","protected":false},"excerpt":{"rendered":"<p>Aten\u00e7\u00e3o: Produtores, atacadistas e envasadores de cacha\u00e7a e aguardente de cana-de- a\u00e7\u00facar devem enviar at\u00e9 o pr\u00f3ximo domingo (31\/01) a declara\u00e7\u00e3o anual de produ\u00e7\u00e3o e estoque de cacha\u00e7a referente \u00e0 2020 para a Superintend\u00eancia Federal de Agricultura da sua unidade federativa. De acordo com o Decreto n\u00ba 6.871\/200 (MAPA \u2013 Bebidas de origem vegetal), que [&hellip;]<\/p>\n","protected":false},"author":1,"featured_media":723,"comment_status":"open","ping_status":"open","sticky":false,"template":"","format":"standard","meta":{"_exactmetrics_skip_tracking":false,"footnotes":""},"categories":[81],"tags":[],"class_list":["post-1820","post","type-post","status-publish","format-standard","has-post-thumbnail","hentry","category-legislacao-e-tributacao"],"yoast_head":"<!-- This site is optimized with the Yoast SEO plugin v28.3 - https:\/\/yoast.com\/product\/yoast-seo-wordpress\/ -->\n<title>Cacha\u00e7a Gestor - Blog - Declara\u00e7\u00e3o Anual de produ\u00e7\u00e3o e estoque de cacha\u00e7a LEGISLA\u00c7\u00c3O E TRIBUTA\u00c7\u00c3O<\/title>\n<meta name=\"description\" content=\"Produtores devem enviar at\u00e9 o pr\u00f3ximo domingo (31\/01) a declara\u00e7\u00e3o anual de produ\u00e7\u00e3o e estoque de cacha\u00e7a referente \u00e0 2020 para a Superintend\u00eancia Federal.\" \/>\n<meta name=\"robots\" content=\"index, follow, max-snippet:-1, max-image-preview:large, max-video-preview:-1\" \/>\n<link rel=\"canonical\" href=\"https:\/\/cachacagestor.com.br\/blog\/declaracao-anual-de-producao-e-estoque-de-cachaca-2020\/\" \/>\n<meta property=\"og:locale\" content=\"pt_BR\" \/>\n<meta property=\"og:type\" content=\"article\" \/>\n<meta property=\"og:title\" content=\"Cacha\u00e7a Gestor - Blog - Declara\u00e7\u00e3o Anual de produ\u00e7\u00e3o e estoque de cacha\u00e7a LEGISLA\u00c7\u00c3O E TRIBUTA\u00c7\u00c3O\" \/>\n<meta property=\"og:description\" content=\"Produtores devem enviar at\u00e9 o pr\u00f3ximo domingo (31\/01) a declara\u00e7\u00e3o anual de produ\u00e7\u00e3o e estoque de cacha\u00e7a referente \u00e0 2020 para a Superintend\u00eancia Federal.\" \/>\n<meta property=\"og:url\" content=\"https:\/\/cachacagestor.com.br\/blog\/declaracao-anual-de-producao-e-estoque-de-cachaca-2020\/\" \/>\n<meta property=\"og:site_name\" content=\"Cacha\u00e7a Gestor - Blog\" \/>\n<meta property=\"article:publisher\" content=\"https:\/\/www.facebook.com\/cachacagestor\" \/>\n<meta property=\"article:author\" content=\"https:\/\/www.facebook.com\/cachacagestor\" \/>\n<meta property=\"article:published_time\" content=\"2021-01-29T13:04:28+00:00\" \/>\n<meta property=\"article:modified_time\" content=\"2021-02-22T17:59:46+00:00\" \/>\n<meta property=\"og:image\" content=\"https:\/\/cachacagestor.com.br\/blog\/wp-content\/uploads\/2019\/01\/shutterstock_1037015476-1.jpg\" \/>\n\t<meta property=\"og:image:width\" content=\"1000\" \/>\n\t<meta property=\"og:image:height\" content=\"667\" \/>\n\t<meta property=\"og:image:type\" content=\"image\/jpeg\" \/>\n<meta name=\"author\" content=\"cachacagestor\" \/>\n<meta name=\"twitter:card\" content=\"summary_large_image\" \/>\n<meta name=\"twitter:label1\" content=\"Escrito por\" \/>\n\t<meta name=\"twitter:data1\" content=\"cachacagestor\" \/>\n\t<meta name=\"twitter:label2\" content=\"Est. tempo de leitura\" \/>\n\t<meta name=\"twitter:data2\" content=\"2 minutos\" \/>\n<script type=\"application\/ld+json\" class=\"yoast-schema-graph\">{\"@context\":\"https:\\\/\\\/schema.org\",\"@graph\":[{\"@type\":\"Article\",\"@id\":\"https:\\\/\\\/cachacagestor.com.br\\\/blog\\\/declaracao-anual-de-producao-e-estoque-de-cachaca-2020\\\/#article\",\"isPartOf\":{\"@id\":\"https:\\\/\\\/cachacagestor.com.br\\\/blog\\\/declaracao-anual-de-producao-e-estoque-de-cachaca-2020\\\/\"},\"author\":{\"name\":\"cachacagestor\",\"@id\":\"https:\\\/\\\/cachacagestor.com.br\\\/blog\\\/#\\\/schema\\\/person\\\/2165d6cccc417459e7ed0cf21207645e\"},\"headline\":\"Declara\u00e7\u00e3o anual de produ\u00e7\u00e3o e estoque de cacha\u00e7a\",\"datePublished\":\"2021-01-29T13:04:28+00:00\",\"dateModified\":\"2021-02-22T17:59:46+00:00\",\"mainEntityOfPage\":{\"@id\":\"https:\\\/\\\/cachacagestor.com.br\\\/blog\\\/declaracao-anual-de-producao-e-estoque-de-cachaca-2020\\\/\"},\"wordCount\":355,\"commentCount\":0,\"publisher\":{\"@id\":\"https:\\\/\\\/cachacagestor.com.br\\\/blog\\\/#organization\"},\"image\":{\"@id\":\"https:\\\/\\\/cachacagestor.com.br\\\/blog\\\/declaracao-anual-de-producao-e-estoque-de-cachaca-2020\\\/#primaryimage\"},\"thumbnailUrl\":\"https:\\\/\\\/cachacagestor.com.br\\\/blog\\\/wp-content\\\/uploads\\\/2019\\\/01\\\/shutterstock_1037015476-1.jpg\",\"articleSection\":[\"LEGISLA\u00c7\u00c3O E TRIBUTA\u00c7\u00c3O\"],\"inLanguage\":\"pt-BR\",\"potentialAction\":[{\"@type\":\"CommentAction\",\"name\":\"Comment\",\"target\":[\"https:\\\/\\\/cachacagestor.com.br\\\/blog\\\/declaracao-anual-de-producao-e-estoque-de-cachaca-2020\\\/#respond\"]}]},{\"@type\":\"WebPage\",\"@id\":\"https:\\\/\\\/cachacagestor.com.br\\\/blog\\\/declaracao-anual-de-producao-e-estoque-de-cachaca-2020\\\/\",\"url\":\"https:\\\/\\\/cachacagestor.com.br\\\/blog\\\/declaracao-anual-de-producao-e-estoque-de-cachaca-2020\\\/\",\"name\":\"Cacha\u00e7a Gestor - Blog - Declara\u00e7\u00e3o Anual de produ\u00e7\u00e3o e estoque de cacha\u00e7a LEGISLA\u00c7\u00c3O E TRIBUTA\u00c7\u00c3O\",\"isPartOf\":{\"@id\":\"https:\\\/\\\/cachacagestor.com.br\\\/blog\\\/#website\"},\"primaryImageOfPage\":{\"@id\":\"https:\\\/\\\/cachacagestor.com.br\\\/blog\\\/declaracao-anual-de-producao-e-estoque-de-cachaca-2020\\\/#primaryimage\"},\"image\":{\"@id\":\"https:\\\/\\\/cachacagestor.com.br\\\/blog\\\/declaracao-anual-de-producao-e-estoque-de-cachaca-2020\\\/#primaryimage\"},\"thumbnailUrl\":\"https:\\\/\\\/cachacagestor.com.br\\\/blog\\\/wp-content\\\/uploads\\\/2019\\\/01\\\/shutterstock_1037015476-1.jpg\",\"datePublished\":\"2021-01-29T13:04:28+00:00\",\"dateModified\":\"2021-02-22T17:59:46+00:00\",\"description\":\"Produtores devem enviar at\u00e9 o pr\u00f3ximo domingo (31\\\/01) a declara\u00e7\u00e3o anual de produ\u00e7\u00e3o e estoque de cacha\u00e7a referente \u00e0 2020 para a Superintend\u00eancia Federal.\",\"breadcrumb\":{\"@id\":\"https:\\\/\\\/cachacagestor.com.br\\\/blog\\\/declaracao-anual-de-producao-e-estoque-de-cachaca-2020\\\/#breadcrumb\"},\"inLanguage\":\"pt-BR\",\"potentialAction\":[{\"@type\":\"ReadAction\",\"target\":[\"https:\\\/\\\/cachacagestor.com.br\\\/blog\\\/declaracao-anual-de-producao-e-estoque-de-cachaca-2020\\\/\"]}]},{\"@type\":\"ImageObject\",\"inLanguage\":\"pt-BR\",\"@id\":\"https:\\\/\\\/cachacagestor.com.br\\\/blog\\\/declaracao-anual-de-producao-e-estoque-de-cachaca-2020\\\/#primaryimage\",\"url\":\"https:\\\/\\\/cachacagestor.com.br\\\/blog\\\/wp-content\\\/uploads\\\/2019\\\/01\\\/shutterstock_1037015476-1.jpg\",\"contentUrl\":\"https:\\\/\\\/cachacagestor.com.br\\\/blog\\\/wp-content\\\/uploads\\\/2019\\\/01\\\/shutterstock_1037015476-1.jpg\",\"width\":1000,\"height\":667,\"caption\":\"Declara\u00e7\u00e3o anual de produ\u00e7\u00e3o de cacha\u00e7a\"},{\"@type\":\"BreadcrumbList\",\"@id\":\"https:\\\/\\\/cachacagestor.com.br\\\/blog\\\/declaracao-anual-de-producao-e-estoque-de-cachaca-2020\\\/#breadcrumb\",\"itemListElement\":[{\"@type\":\"ListItem\",\"position\":1,\"name\":\"In\u00edcio\",\"item\":\"https:\\\/\\\/cachacagestor.com.br\\\/blog\\\/\"},{\"@type\":\"ListItem\",\"position\":2,\"name\":\"Declara\u00e7\u00e3o anual de produ\u00e7\u00e3o e estoque de cacha\u00e7a\"}]},{\"@type\":\"WebSite\",\"@id\":\"https:\\\/\\\/cachacagestor.com.br\\\/blog\\\/#website\",\"url\":\"https:\\\/\\\/cachacagestor.com.br\\\/blog\\\/\",\"name\":\"Cacha\u00e7a Gestor\",\"description\":\"\",\"publisher\":{\"@id\":\"https:\\\/\\\/cachacagestor.com.br\\\/blog\\\/#organization\"},\"potentialAction\":[{\"@type\":\"SearchAction\",\"target\":{\"@type\":\"EntryPoint\",\"urlTemplate\":\"https:\\\/\\\/cachacagestor.com.br\\\/blog\\\/?s={search_term_string}\"},\"query-input\":{\"@type\":\"PropertyValueSpecification\",\"valueRequired\":true,\"valueName\":\"search_term_string\"}}],\"inLanguage\":\"pt-BR\"},{\"@type\":\"Organization\",\"@id\":\"https:\\\/\\\/cachacagestor.com.br\\\/blog\\\/#organization\",\"name\":\"Cacha\u00e7a Gerstor\",\"url\":\"https:\\\/\\\/cachacagestor.com.br\\\/blog\\\/\",\"logo\":{\"@type\":\"ImageObject\",\"inLanguage\":\"pt-BR\",\"@id\":\"https:\\\/\\\/cachacagestor.com.br\\\/blog\\\/#\\\/schema\\\/logo\\\/image\\\/\",\"url\":\"https:\\\/\\\/cachacagestor.com.br\\\/blog\\\/wp-content\\\/uploads\\\/2016\\\/05\\\/logo-fb.png\",\"contentUrl\":\"https:\\\/\\\/cachacagestor.com.br\\\/blog\\\/wp-content\\\/uploads\\\/2016\\\/05\\\/logo-fb.png\",\"width\":504,\"height\":504,\"caption\":\"Cacha\u00e7a Gerstor\"},\"image\":{\"@id\":\"https:\\\/\\\/cachacagestor.com.br\\\/blog\\\/#\\\/schema\\\/logo\\\/image\\\/\"},\"sameAs\":[\"https:\\\/\\\/www.facebook.com\\\/cachacagestor\",\"https:\\\/\\\/www.instagram.com\\\/cachacagestor\\\/\",\"https:\\\/\\\/www.linkedin.com\\\/company\\\/cacha\u00e7a-gestor\\\/\",\"https:\\\/\\\/www.youtube.com\\\/channel\\\/UCwWCpQJKwUs7AIk_blTKIfA?view_as=subscriber\"]},{\"@type\":\"Person\",\"@id\":\"https:\\\/\\\/cachacagestor.com.br\\\/blog\\\/#\\\/schema\\\/person\\\/2165d6cccc417459e7ed0cf21207645e\",\"name\":\"cachacagestor\",\"image\":{\"@type\":\"ImageObject\",\"inLanguage\":\"pt-BR\",\"@id\":\"https:\\\/\\\/secure.gravatar.com\\\/avatar\\\/d9d47835dcb57695097d1e99cf5552e6eea87d217f357a5177aea401dea02c00?s=96&d=mm&r=g\",\"url\":\"https:\\\/\\\/secure.gravatar.com\\\/avatar\\\/d9d47835dcb57695097d1e99cf5552e6eea87d217f357a5177aea401dea02c00?s=96&d=mm&r=g\",\"contentUrl\":\"https:\\\/\\\/secure.gravatar.com\\\/avatar\\\/d9d47835dcb57695097d1e99cf5552e6eea87d217f357a5177aea401dea02c00?s=96&d=mm&r=g\",\"caption\":\"cachacagestor\"},\"sameAs\":[\"https:\\\/\\\/www.cachacagestor.com.br\",\"https:\\\/\\\/www.facebook.com\\\/cachacagestor\"],\"url\":\"https:\\\/\\\/cachacagestor.com.br\\\/blog\\\/author\\\/cachacagestor\\\/\"}]}<\/script>\n<!-- \/ Yoast SEO plugin. -->","yoast_head_json":{"title":"Cacha\u00e7a Gestor - Blog - Declara\u00e7\u00e3o Anual de produ\u00e7\u00e3o e estoque de cacha\u00e7a LEGISLA\u00c7\u00c3O E TRIBUTA\u00c7\u00c3O","description":"Produtores devem enviar at\u00e9 o pr\u00f3ximo domingo (31\/01) a declara\u00e7\u00e3o anual de produ\u00e7\u00e3o e estoque de cacha\u00e7a referente \u00e0 2020 para a Superintend\u00eancia Federal.","robots":{"index":"index","follow":"follow","max-snippet":"max-snippet:-1","max-image-preview":"max-image-preview:large","max-video-preview":"max-video-preview:-1"},"canonical":"https:\/\/cachacagestor.com.br\/blog\/declaracao-anual-de-producao-e-estoque-de-cachaca-2020\/","og_locale":"pt_BR","og_type":"article","og_title":"Cacha\u00e7a Gestor - Blog - Declara\u00e7\u00e3o Anual de produ\u00e7\u00e3o e estoque de cacha\u00e7a LEGISLA\u00c7\u00c3O E TRIBUTA\u00c7\u00c3O","og_description":"Produtores devem enviar at\u00e9 o pr\u00f3ximo domingo (31\/01) a declara\u00e7\u00e3o anual de produ\u00e7\u00e3o e estoque de cacha\u00e7a referente \u00e0 2020 para a Superintend\u00eancia Federal.","og_url":"https:\/\/cachacagestor.com.br\/blog\/declaracao-anual-de-producao-e-estoque-de-cachaca-2020\/","og_site_name":"Cacha\u00e7a Gestor - Blog","article_publisher":"https:\/\/www.facebook.com\/cachacagestor","article_author":"https:\/\/www.facebook.com\/cachacagestor","article_published_time":"2021-01-29T13:04:28+00:00","article_modified_time":"2021-02-22T17:59:46+00:00","og_image":[{"width":1000,"height":667,"url":"https:\/\/cachacagestor.com.br\/blog\/wp-content\/uploads\/2019\/01\/shutterstock_1037015476-1.jpg","type":"image\/jpeg"}],"author":"cachacagestor","twitter_card":"summary_large_image","twitter_misc":{"Escrito por":"cachacagestor","Est. tempo de leitura":"2 minutos"},"schema":{"@context":"https:\/\/schema.org","@graph":[{"@type":"Article","@id":"https:\/\/cachacagestor.com.br\/blog\/declaracao-anual-de-producao-e-estoque-de-cachaca-2020\/#article","isPartOf":{"@id":"https:\/\/cachacagestor.com.br\/blog\/declaracao-anual-de-producao-e-estoque-de-cachaca-2020\/"},"author":{"name":"cachacagestor","@id":"https:\/\/cachacagestor.com.br\/blog\/#\/schema\/person\/2165d6cccc417459e7ed0cf21207645e"},"headline":"Declara\u00e7\u00e3o anual de produ\u00e7\u00e3o e estoque de cacha\u00e7a","datePublished":"2021-01-29T13:04:28+00:00","dateModified":"2021-02-22T17:59:46+00:00","mainEntityOfPage":{"@id":"https:\/\/cachacagestor.com.br\/blog\/declaracao-anual-de-producao-e-estoque-de-cachaca-2020\/"},"wordCount":355,"commentCount":0,"publisher":{"@id":"https:\/\/cachacagestor.com.br\/blog\/#organization"},"image":{"@id":"https:\/\/cachacagestor.com.br\/blog\/declaracao-anual-de-producao-e-estoque-de-cachaca-2020\/#primaryimage"},"thumbnailUrl":"https:\/\/cachacagestor.com.br\/blog\/wp-content\/uploads\/2019\/01\/shutterstock_1037015476-1.jpg","articleSection":["LEGISLA\u00c7\u00c3O E TRIBUTA\u00c7\u00c3O"],"inLanguage":"pt-BR","potentialAction":[{"@type":"CommentAction","name":"Comment","target":["https:\/\/cachacagestor.com.br\/blog\/declaracao-anual-de-producao-e-estoque-de-cachaca-2020\/#respond"]}]},{"@type":"WebPage","@id":"https:\/\/cachacagestor.com.br\/blog\/declaracao-anual-de-producao-e-estoque-de-cachaca-2020\/","url":"https:\/\/cachacagestor.com.br\/blog\/declaracao-anual-de-producao-e-estoque-de-cachaca-2020\/","name":"Cacha\u00e7a Gestor - Blog - Declara\u00e7\u00e3o Anual de produ\u00e7\u00e3o e estoque de cacha\u00e7a LEGISLA\u00c7\u00c3O E TRIBUTA\u00c7\u00c3O","isPartOf":{"@id":"https:\/\/cachacagestor.com.br\/blog\/#website"},"primaryImageOfPage":{"@id":"https:\/\/cachacagestor.com.br\/blog\/declaracao-anual-de-producao-e-estoque-de-cachaca-2020\/#primaryimage"},"image":{"@id":"https:\/\/cachacagestor.com.br\/blog\/declaracao-anual-de-producao-e-estoque-de-cachaca-2020\/#primaryimage"},"thumbnailUrl":"https:\/\/cachacagestor.com.br\/blog\/wp-content\/uploads\/2019\/01\/shutterstock_1037015476-1.jpg","datePublished":"2021-01-29T13:04:28+00:00","dateModified":"2021-02-22T17:59:46+00:00","description":"Produtores devem enviar at\u00e9 o pr\u00f3ximo domingo (31\/01) a declara\u00e7\u00e3o anual de produ\u00e7\u00e3o e estoque de cacha\u00e7a referente \u00e0 2020 para a Superintend\u00eancia Federal.","breadcrumb":{"@id":"https:\/\/cachacagestor.com.br\/blog\/declaracao-anual-de-producao-e-estoque-de-cachaca-2020\/#breadcrumb"},"inLanguage":"pt-BR","potentialAction":[{"@type":"ReadAction","target":["https:\/\/cachacagestor.com.br\/blog\/declaracao-anual-de-producao-e-estoque-de-cachaca-2020\/"]}]},{"@type":"ImageObject","inLanguage":"pt-BR","@id":"https:\/\/cachacagestor.com.br\/blog\/declaracao-anual-de-producao-e-estoque-de-cachaca-2020\/#primaryimage","url":"https:\/\/cachacagestor.com.br\/blog\/wp-content\/uploads\/2019\/01\/shutterstock_1037015476-1.jpg","contentUrl":"https:\/\/cachacagestor.com.br\/blog\/wp-content\/uploads\/2019\/01\/shutterstock_1037015476-1.jpg","width":1000,"height":667,"caption":"Declara\u00e7\u00e3o anual de produ\u00e7\u00e3o de cacha\u00e7a"},{"@type":"BreadcrumbList","@id":"https:\/\/cachacagestor.com.br\/blog\/declaracao-anual-de-producao-e-estoque-de-cachaca-2020\/#breadcrumb","itemListElement":[{"@type":"ListItem","position":1,"name":"In\u00edcio","item":"https:\/\/cachacagestor.com.br\/blog\/"},{"@type":"ListItem","position":2,"name":"Declara\u00e7\u00e3o anual de produ\u00e7\u00e3o e estoque de cacha\u00e7a"}]},{"@type":"WebSite","@id":"https:\/\/cachacagestor.com.br\/blog\/#website","url":"https:\/\/cachacagestor.com.br\/blog\/","name":"Cacha\u00e7a Gestor","description":"","publisher":{"@id":"https:\/\/cachacagestor.com.br\/blog\/#organization"},"potentialAction":[{"@type":"SearchAction","target":{"@type":"EntryPoint","urlTemplate":"https:\/\/cachacagestor.com.br\/blog\/?s={search_term_string}"},"query-input":{"@type":"PropertyValueSpecification","valueRequired":true,"valueName":"search_term_string"}}],"inLanguage":"pt-BR"},{"@type":"Organization","@id":"https:\/\/cachacagestor.com.br\/blog\/#organization","name":"Cacha\u00e7a Gerstor","url":"https:\/\/cachacagestor.com.br\/blog\/","logo":{"@type":"ImageObject","inLanguage":"pt-BR","@id":"https:\/\/cachacagestor.com.br\/blog\/#\/schema\/logo\/image\/","url":"https:\/\/cachacagestor.com.br\/blog\/wp-content\/uploads\/2016\/05\/logo-fb.png","contentUrl":"https:\/\/cachacagestor.com.br\/blog\/wp-content\/uploads\/2016\/05\/logo-fb.png","width":504,"height":504,"caption":"Cacha\u00e7a Gerstor"},"image":{"@id":"https:\/\/cachacagestor.com.br\/blog\/#\/schema\/logo\/image\/"},"sameAs":["https:\/\/www.facebook.com\/cachacagestor","https:\/\/www.instagram.com\/cachacagestor\/","https:\/\/www.linkedin.com\/company\/cacha\u00e7a-gestor\/","https:\/\/www.youtube.com\/channel\/UCwWCpQJKwUs7AIk_blTKIfA?view_as=subscriber"]},{"@type":"Person","@id":"https:\/\/cachacagestor.com.br\/blog\/#\/schema\/person\/2165d6cccc417459e7ed0cf21207645e","name":"cachacagestor","image":{"@type":"ImageObject","inLanguage":"pt-BR","@id":"https:\/\/secure.gravatar.com\/avatar\/d9d47835dcb57695097d1e99cf5552e6eea87d217f357a5177aea401dea02c00?s=96&d=mm&r=g","url":"https:\/\/secure.gravatar.com\/avatar\/d9d47835dcb57695097d1e99cf5552e6eea87d217f357a5177aea401dea02c00?s=96&d=mm&r=g","contentUrl":"https:\/\/secure.gravatar.com\/avatar\/d9d47835dcb57695097d1e99cf5552e6eea87d217f357a5177aea401dea02c00?s=96&d=mm&r=g","caption":"cachacagestor"},"sameAs":["https:\/\/www.cachacagestor.com.br","https:\/\/www.facebook.com\/cachacagestor"],"url":"https:\/\/cachacagestor.com.br\/blog\/author\/cachacagestor\/"}]}},"_links":{"self":[{"href":"https:\/\/cachacagestor.com.br\/blog\/wp-json\/wp\/v2\/posts\/1820","targetHints":{"allow":["GET"]}}],"collection":[{"href":"https:\/\/cachacagestor.com.br\/blog\/wp-json\/wp\/v2\/posts"}],"about":[{"href":"https:\/\/cachacagestor.com.br\/blog\/wp-json\/wp\/v2\/types\/post"}],"author":[{"embeddable":true,"href":"https:\/\/cachacagestor.com.br\/blog\/wp-json\/wp\/v2\/users\/1"}],"replies":[{"embeddable":true,"href":"https:\/\/cachacagestor.com.br\/blog\/wp-json\/wp\/v2\/comments?post=1820"}],"version-history":[{"count":9,"href":"https:\/\/cachacagestor.com.br\/blog\/wp-json\/wp\/v2\/posts\/1820\/revisions"}],"predecessor-version":[{"id":1864,"href":"https:\/\/cachacagestor.com.br\/blog\/wp-json\/wp\/v2\/posts\/1820\/revisions\/1864"}],"wp:featuredmedia":[{"embeddable":true,"href":"https:\/\/cachacagestor.com.br\/blog\/wp-json\/wp\/v2\/media\/723"}],"wp:attachment":[{"href":"https:\/\/cachacagestor.com.br\/blog\/wp-json\/wp\/v2\/media?parent=1820"}],"wp:term":[{"taxonomy":"category","embeddable":true,"href":"https:\/\/cachacagestor.com.br\/blog\/wp-json\/wp\/v2\/categories?post=1820"},{"taxonomy":"post_tag","embeddable":true,"href":"https:\/\/cachacagestor.com.br\/blog\/wp-json\/wp\/v2\/tags?post=1820"}],"curies":[{"name":"wp","href":"https:\/\/api.w.org\/{rel}","templated":true}]}}