{"id":52,"date":"2016-06-01T11:59:54","date_gmt":"2016-06-01T14:59:54","guid":{"rendered":"http:\/\/www.cachacagestor.com.br\/blog\/?p=52"},"modified":"2016-06-01T21:24:23","modified_gmt":"2016-06-02T00:24:23","slug":"expo-cachaca-2016-contara-com-participacao-da-cachaca-gestor","status":"publish","type":"post","link":"https:\/\/cachacagestor.com.br\/blog\/expo-cachaca-2016-contara-com-participacao-da-cachaca-gestor\/","title":{"rendered":"Expo-cacha\u00e7a 2016 contar\u00e1 com participa\u00e7\u00e3o da Cacha\u00e7a Gestor"},"content":{"rendered":"<p><img loading=\"lazy\" decoding=\"async\" class=\"alignnone size-full wp-image-53\" src=\"http:\/\/www.cachacagestor.com.br\/blog\/wp-content\/uploads\/2016\/06\/topico_39466_www-agron-com-br_2983_expocachaca-comeca-nesta-quinta-feira.jpg\" alt=\"topico_39466_www-agron-com-br_2983_expocachaca-comeca-nesta-quinta-feira\" width=\"680\" height=\"400\" srcset=\"https:\/\/cachacagestor.com.br\/blog\/wp-content\/uploads\/2016\/06\/topico_39466_www-agron-com-br_2983_expocachaca-comeca-nesta-quinta-feira.jpg 680w, https:\/\/cachacagestor.com.br\/blog\/wp-content\/uploads\/2016\/06\/topico_39466_www-agron-com-br_2983_expocachaca-comeca-nesta-quinta-feira-300x176.jpg 300w\" sizes=\"auto, (max-width: 680px) 100vw, 680px\" \/><\/p>\n<p><span style=\"font-weight: 400;\">A 26\u00aa edi\u00e7\u00e3o da Expo-cacha\u00e7a 2016, prevista para o per\u00edodo de 9 a 12 de junho no espa\u00e7o Expominas, na capital mineira, regi\u00e3o da Gameleira, ser\u00e1 marcada pelo pr\u00e9-lan\u00e7amento do novo produto da Cacha\u00e7a Gestor: um aplicativo que promete incrementar e modernizar o processo de produ\u00e7\u00e3o de cacha\u00e7a. <\/span><\/p>\n<p><span style=\"font-weight: 400;\">A ideia \u00e9 tornar a vida do produtor mais f\u00e1cil e, ao mesmo tempo, mais eficiente. Durante o evento, a empresa ter\u00e1 seu pr\u00f3prio stand, onde apresentar\u00e1 um sistema computacional que pretende garantir melhor controle da fase de produ\u00e7\u00e3o e gest\u00e3o da bebida, com mais dinamismo.<\/span><\/p>\n<p><span style=\"font-weight: 400;\">O evento, que mant\u00e9m o formato de feira e festival, reunir\u00e1 toda a cadeia produtiva do agroneg\u00f3cio da cacha\u00e7a, e apresentar\u00e1 v\u00e1rias novidades e surpresas, al\u00e9m de proporcionar discuss\u00f5es sobre neg\u00f3cios, entretenimento, consumo, gastronomia, lazer, cultura e divers\u00e3o. <\/span><\/p>\n<p><span style=\"font-weight: 400;\">Saiba mais sobre a Cacha\u00e7a Gestor visitando <\/span><strong><a href=\"http:\/\/www.cachacagestor.com.br\/\">o site oficial<\/a><\/strong><span style=\"font-weight: 400;\">. Para mais informa\u00e7\u00f5es sobre o Expo-Cacha\u00e7a 2016, <\/span><strong><a href=\"http:\/\/www.expocachaca.com.br\/bh\/expocachaca-2016.shtml\">clique aqui<\/a>. <\/strong><\/p>\n","protected":false},"excerpt":{"rendered":"<p>A 26\u00aa edi\u00e7\u00e3o da Expo-cacha\u00e7a 2016, prevista para o per\u00edodo de 9 a 12 de junho no espa\u00e7o Expominas, na capital mineira, regi\u00e3o da Gameleira, ser\u00e1 marcada pelo pr\u00e9-lan\u00e7amento do novo produto da Cacha\u00e7a Gestor: um aplicativo que promete incrementar e modernizar o processo de produ\u00e7\u00e3o de cacha\u00e7a. A ideia \u00e9 tornar a vida do [&hellip;]<\/p>\n","protected":false},"author":1,"featured_media":0,"comment_status":"open","ping_status":"open","sticky":false,"template":"","format":"standard","meta":{"_exactmetrics_skip_tracking":false,"footnotes":""},"categories":[1],"tags":[6,4,16,10,11,9],"class_list":["post-52","post","type-post","status-publish","format-standard","hentry","category-sem-categoria","tag-aplicativo","tag-cachaca-de-qualidade","tag-expocachaca","tag-gestao","tag-inovacao","tag-produtor-de-cachaca"],"yoast_head":"<!-- This site is optimized with the Yoast SEO plugin v28.3 - https:\/\/yoast.com\/product\/yoast-seo-wordpress\/ -->\n<title>Expo-cacha\u00e7a 2016 contar\u00e1 com participa\u00e7\u00e3o da Cacha\u00e7a Gestor - Cacha\u00e7a Gestor - Blog<\/title>\n<meta name=\"robots\" content=\"index, follow, max-snippet:-1, max-image-preview:large, max-video-preview:-1\" \/>\n<link rel=\"canonical\" href=\"https:\/\/cachacagestor.com.br\/blog\/expo-cachaca-2016-contara-com-participacao-da-cachaca-gestor\/\" \/>\n<meta property=\"og:locale\" content=\"pt_BR\" \/>\n<meta property=\"og:type\" content=\"article\" \/>\n<meta property=\"og:title\" content=\"Expo-cacha\u00e7a 2016 contar\u00e1 com participa\u00e7\u00e3o da Cacha\u00e7a Gestor - Cacha\u00e7a Gestor - Blog\" \/>\n<meta property=\"og:description\" content=\"A 26\u00aa edi\u00e7\u00e3o da Expo-cacha\u00e7a 2016, prevista para o per\u00edodo de 9 a 12 de junho no espa\u00e7o Expominas, na capital mineira, regi\u00e3o da Gameleira, ser\u00e1 marcada pelo pr\u00e9-lan\u00e7amento do novo produto da Cacha\u00e7a Gestor: um aplicativo que promete incrementar e modernizar o processo de produ\u00e7\u00e3o de cacha\u00e7a. A ideia \u00e9 tornar a vida do [&hellip;]\" \/>\n<meta property=\"og:url\" content=\"https:\/\/cachacagestor.com.br\/blog\/expo-cachaca-2016-contara-com-participacao-da-cachaca-gestor\/\" \/>\n<meta property=\"og:site_name\" content=\"Cacha\u00e7a Gestor - Blog\" \/>\n<meta property=\"article:publisher\" content=\"https:\/\/www.facebook.com\/cachacagestor\" \/>\n<meta property=\"article:author\" content=\"https:\/\/www.facebook.com\/cachacagestor\" \/>\n<meta property=\"article:published_time\" content=\"2016-06-01T14:59:54+00:00\" \/>\n<meta property=\"article:modified_time\" content=\"2016-06-02T00:24:23+00:00\" \/>\n<meta property=\"og:image\" content=\"https:\/\/cachacagestor.com.br\/blog\/wp-content\/uploads\/2016\/06\/topico_39466_www-agron-com-br_2983_expocachaca-comeca-nesta-quinta-feira.jpg\" \/>\n\t<meta property=\"og:image:width\" content=\"680\" \/>\n\t<meta property=\"og:image:height\" content=\"400\" \/>\n\t<meta property=\"og:image:type\" content=\"image\/jpeg\" \/>\n<meta name=\"author\" content=\"cachacagestor\" \/>\n<meta name=\"twitter:card\" content=\"summary_large_image\" \/>\n<meta name=\"twitter:label1\" content=\"Escrito por\" \/>\n\t<meta name=\"twitter:data1\" content=\"cachacagestor\" \/>\n\t<meta name=\"twitter:label2\" content=\"Est. tempo de leitura\" \/>\n\t<meta name=\"twitter:data2\" content=\"1 minuto\" \/>\n<script type=\"application\/ld+json\" class=\"yoast-schema-graph\">{\"@context\":\"https:\\\/\\\/schema.org\",\"@graph\":[{\"@type\":\"Article\",\"@id\":\"https:\\\/\\\/cachacagestor.com.br\\\/blog\\\/expo-cachaca-2016-contara-com-participacao-da-cachaca-gestor\\\/#article\",\"isPartOf\":{\"@id\":\"https:\\\/\\\/cachacagestor.com.br\\\/blog\\\/expo-cachaca-2016-contara-com-participacao-da-cachaca-gestor\\\/\"},\"author\":{\"name\":\"cachacagestor\",\"@id\":\"https:\\\/\\\/cachacagestor.com.br\\\/blog\\\/#\\\/schema\\\/person\\\/2165d6cccc417459e7ed0cf21207645e\"},\"headline\":\"Expo-cacha\u00e7a 2016 contar\u00e1 com participa\u00e7\u00e3o da Cacha\u00e7a Gestor\",\"datePublished\":\"2016-06-01T14:59:54+00:00\",\"dateModified\":\"2016-06-02T00:24:23+00:00\",\"mainEntityOfPage\":{\"@id\":\"https:\\\/\\\/cachacagestor.com.br\\\/blog\\\/expo-cachaca-2016-contara-com-participacao-da-cachaca-gestor\\\/\"},\"wordCount\":180,\"commentCount\":0,\"publisher\":{\"@id\":\"https:\\\/\\\/cachacagestor.com.br\\\/blog\\\/#organization\"},\"image\":{\"@id\":\"https:\\\/\\\/cachacagestor.com.br\\\/blog\\\/expo-cachaca-2016-contara-com-participacao-da-cachaca-gestor\\\/#primaryimage\"},\"thumbnailUrl\":\"http:\\\/\\\/www.cachacagestor.com.br\\\/blog\\\/wp-content\\\/uploads\\\/2016\\\/06\\\/topico_39466_www-agron-com-br_2983_expocachaca-comeca-nesta-quinta-feira.jpg\",\"keywords\":[\"aplicativo\",\"cacha\u00e7a de qualidade\",\"expocacha\u00e7a\",\"gest\u00e3o\",\"inova\u00e7\u00e3o\",\"produtor de cacha\u00e7a\"],\"inLanguage\":\"pt-BR\",\"potentialAction\":[{\"@type\":\"CommentAction\",\"name\":\"Comment\",\"target\":[\"https:\\\/\\\/cachacagestor.com.br\\\/blog\\\/expo-cachaca-2016-contara-com-participacao-da-cachaca-gestor\\\/#respond\"]}]},{\"@type\":\"WebPage\",\"@id\":\"https:\\\/\\\/cachacagestor.com.br\\\/blog\\\/expo-cachaca-2016-contara-com-participacao-da-cachaca-gestor\\\/\",\"url\":\"https:\\\/\\\/cachacagestor.com.br\\\/blog\\\/expo-cachaca-2016-contara-com-participacao-da-cachaca-gestor\\\/\",\"name\":\"Expo-cacha\u00e7a 2016 contar\u00e1 com participa\u00e7\u00e3o da Cacha\u00e7a Gestor - Cacha\u00e7a Gestor - Blog\",\"isPartOf\":{\"@id\":\"https:\\\/\\\/cachacagestor.com.br\\\/blog\\\/#website\"},\"primaryImageOfPage\":{\"@id\":\"https:\\\/\\\/cachacagestor.com.br\\\/blog\\\/expo-cachaca-2016-contara-com-participacao-da-cachaca-gestor\\\/#primaryimage\"},\"image\":{\"@id\":\"https:\\\/\\\/cachacagestor.com.br\\\/blog\\\/expo-cachaca-2016-contara-com-participacao-da-cachaca-gestor\\\/#primaryimage\"},\"thumbnailUrl\":\"http:\\\/\\\/www.cachacagestor.com.br\\\/blog\\\/wp-content\\\/uploads\\\/2016\\\/06\\\/topico_39466_www-agron-com-br_2983_expocachaca-comeca-nesta-quinta-feira.jpg\",\"datePublished\":\"2016-06-01T14:59:54+00:00\",\"dateModified\":\"2016-06-02T00:24:23+00:00\",\"breadcrumb\":{\"@id\":\"https:\\\/\\\/cachacagestor.com.br\\\/blog\\\/expo-cachaca-2016-contara-com-participacao-da-cachaca-gestor\\\/#breadcrumb\"},\"inLanguage\":\"pt-BR\",\"potentialAction\":[{\"@type\":\"ReadAction\",\"target\":[\"https:\\\/\\\/cachacagestor.com.br\\\/blog\\\/expo-cachaca-2016-contara-com-participacao-da-cachaca-gestor\\\/\"]}]},{\"@type\":\"ImageObject\",\"inLanguage\":\"pt-BR\",\"@id\":\"https:\\\/\\\/cachacagestor.com.br\\\/blog\\\/expo-cachaca-2016-contara-com-participacao-da-cachaca-gestor\\\/#primaryimage\",\"url\":\"http:\\\/\\\/www.cachacagestor.com.br\\\/blog\\\/wp-content\\\/uploads\\\/2016\\\/06\\\/topico_39466_www-agron-com-br_2983_expocachaca-comeca-nesta-quinta-feira.jpg\",\"contentUrl\":\"http:\\\/\\\/www.cachacagestor.com.br\\\/blog\\\/wp-content\\\/uploads\\\/2016\\\/06\\\/topico_39466_www-agron-com-br_2983_expocachaca-comeca-nesta-quinta-feira.jpg\"},{\"@type\":\"BreadcrumbList\",\"@id\":\"https:\\\/\\\/cachacagestor.com.br\\\/blog\\\/expo-cachaca-2016-contara-com-participacao-da-cachaca-gestor\\\/#breadcrumb\",\"itemListElement\":[{\"@type\":\"ListItem\",\"position\":1,\"name\":\"In\u00edcio\",\"item\":\"https:\\\/\\\/cachacagestor.com.br\\\/blog\\\/\"},{\"@type\":\"ListItem\",\"position\":2,\"name\":\"Expo-cacha\u00e7a 2016 contar\u00e1 com participa\u00e7\u00e3o da Cacha\u00e7a Gestor\"}]},{\"@type\":\"WebSite\",\"@id\":\"https:\\\/\\\/cachacagestor.com.br\\\/blog\\\/#website\",\"url\":\"https:\\\/\\\/cachacagestor.com.br\\\/blog\\\/\",\"name\":\"Cacha\u00e7a Gestor\",\"description\":\"\",\"publisher\":{\"@id\":\"https:\\\/\\\/cachacagestor.com.br\\\/blog\\\/#organization\"},\"potentialAction\":[{\"@type\":\"SearchAction\",\"target\":{\"@type\":\"EntryPoint\",\"urlTemplate\":\"https:\\\/\\\/cachacagestor.com.br\\\/blog\\\/?s={search_term_string}\"},\"query-input\":{\"@type\":\"PropertyValueSpecification\",\"valueRequired\":true,\"valueName\":\"search_term_string\"}}],\"inLanguage\":\"pt-BR\"},{\"@type\":\"Organization\",\"@id\":\"https:\\\/\\\/cachacagestor.com.br\\\/blog\\\/#organization\",\"name\":\"Cacha\u00e7a Gerstor\",\"url\":\"https:\\\/\\\/cachacagestor.com.br\\\/blog\\\/\",\"logo\":{\"@type\":\"ImageObject\",\"inLanguage\":\"pt-BR\",\"@id\":\"https:\\\/\\\/cachacagestor.com.br\\\/blog\\\/#\\\/schema\\\/logo\\\/image\\\/\",\"url\":\"https:\\\/\\\/cachacagestor.com.br\\\/blog\\\/wp-content\\\/uploads\\\/2016\\\/05\\\/logo-fb.png\",\"contentUrl\":\"https:\\\/\\\/cachacagestor.com.br\\\/blog\\\/wp-content\\\/uploads\\\/2016\\\/05\\\/logo-fb.png\",\"width\":504,\"height\":504,\"caption\":\"Cacha\u00e7a Gerstor\"},\"image\":{\"@id\":\"https:\\\/\\\/cachacagestor.com.br\\\/blog\\\/#\\\/schema\\\/logo\\\/image\\\/\"},\"sameAs\":[\"https:\\\/\\\/www.facebook.com\\\/cachacagestor\",\"https:\\\/\\\/www.instagram.com\\\/cachacagestor\\\/\",\"https:\\\/\\\/www.linkedin.com\\\/company\\\/cacha\u00e7a-gestor\\\/\",\"https:\\\/\\\/www.youtube.com\\\/channel\\\/UCwWCpQJKwUs7AIk_blTKIfA?view_as=subscriber\"]},{\"@type\":\"Person\",\"@id\":\"https:\\\/\\\/cachacagestor.com.br\\\/blog\\\/#\\\/schema\\\/person\\\/2165d6cccc417459e7ed0cf21207645e\",\"name\":\"cachacagestor\",\"image\":{\"@type\":\"ImageObject\",\"inLanguage\":\"pt-BR\",\"@id\":\"https:\\\/\\\/secure.gravatar.com\\\/avatar\\\/d9d47835dcb57695097d1e99cf5552e6eea87d217f357a5177aea401dea02c00?s=96&d=mm&r=g\",\"url\":\"https:\\\/\\\/secure.gravatar.com\\\/avatar\\\/d9d47835dcb57695097d1e99cf5552e6eea87d217f357a5177aea401dea02c00?s=96&d=mm&r=g\",\"contentUrl\":\"https:\\\/\\\/secure.gravatar.com\\\/avatar\\\/d9d47835dcb57695097d1e99cf5552e6eea87d217f357a5177aea401dea02c00?s=96&d=mm&r=g\",\"caption\":\"cachacagestor\"},\"sameAs\":[\"https:\\\/\\\/www.cachacagestor.com.br\",\"https:\\\/\\\/www.facebook.com\\\/cachacagestor\"],\"url\":\"https:\\\/\\\/cachacagestor.com.br\\\/blog\\\/author\\\/cachacagestor\\\/\"}]}<\/script>\n<!-- \/ Yoast SEO plugin. -->","yoast_head_json":{"title":"Expo-cacha\u00e7a 2016 contar\u00e1 com participa\u00e7\u00e3o da Cacha\u00e7a Gestor - Cacha\u00e7a Gestor - Blog","robots":{"index":"index","follow":"follow","max-snippet":"max-snippet:-1","max-image-preview":"max-image-preview:large","max-video-preview":"max-video-preview:-1"},"canonical":"https:\/\/cachacagestor.com.br\/blog\/expo-cachaca-2016-contara-com-participacao-da-cachaca-gestor\/","og_locale":"pt_BR","og_type":"article","og_title":"Expo-cacha\u00e7a 2016 contar\u00e1 com participa\u00e7\u00e3o da Cacha\u00e7a Gestor - Cacha\u00e7a Gestor - Blog","og_description":"A 26\u00aa edi\u00e7\u00e3o da Expo-cacha\u00e7a 2016, prevista para o per\u00edodo de 9 a 12 de junho no espa\u00e7o Expominas, na capital mineira, regi\u00e3o da Gameleira, ser\u00e1 marcada pelo pr\u00e9-lan\u00e7amento do novo produto da Cacha\u00e7a Gestor: um aplicativo que promete incrementar e modernizar o processo de produ\u00e7\u00e3o de cacha\u00e7a. A ideia \u00e9 tornar a vida do [&hellip;]","og_url":"https:\/\/cachacagestor.com.br\/blog\/expo-cachaca-2016-contara-com-participacao-da-cachaca-gestor\/","og_site_name":"Cacha\u00e7a Gestor - Blog","article_publisher":"https:\/\/www.facebook.com\/cachacagestor","article_author":"https:\/\/www.facebook.com\/cachacagestor","article_published_time":"2016-06-01T14:59:54+00:00","article_modified_time":"2016-06-02T00:24:23+00:00","og_image":[{"width":680,"height":400,"url":"https:\/\/cachacagestor.com.br\/blog\/wp-content\/uploads\/2016\/06\/topico_39466_www-agron-com-br_2983_expocachaca-comeca-nesta-quinta-feira.jpg","type":"image\/jpeg"}],"author":"cachacagestor","twitter_card":"summary_large_image","twitter_misc":{"Escrito por":"cachacagestor","Est. tempo de leitura":"1 minuto"},"schema":{"@context":"https:\/\/schema.org","@graph":[{"@type":"Article","@id":"https:\/\/cachacagestor.com.br\/blog\/expo-cachaca-2016-contara-com-participacao-da-cachaca-gestor\/#article","isPartOf":{"@id":"https:\/\/cachacagestor.com.br\/blog\/expo-cachaca-2016-contara-com-participacao-da-cachaca-gestor\/"},"author":{"name":"cachacagestor","@id":"https:\/\/cachacagestor.com.br\/blog\/#\/schema\/person\/2165d6cccc417459e7ed0cf21207645e"},"headline":"Expo-cacha\u00e7a 2016 contar\u00e1 com participa\u00e7\u00e3o da Cacha\u00e7a Gestor","datePublished":"2016-06-01T14:59:54+00:00","dateModified":"2016-06-02T00:24:23+00:00","mainEntityOfPage":{"@id":"https:\/\/cachacagestor.com.br\/blog\/expo-cachaca-2016-contara-com-participacao-da-cachaca-gestor\/"},"wordCount":180,"commentCount":0,"publisher":{"@id":"https:\/\/cachacagestor.com.br\/blog\/#organization"},"image":{"@id":"https:\/\/cachacagestor.com.br\/blog\/expo-cachaca-2016-contara-com-participacao-da-cachaca-gestor\/#primaryimage"},"thumbnailUrl":"http:\/\/www.cachacagestor.com.br\/blog\/wp-content\/uploads\/2016\/06\/topico_39466_www-agron-com-br_2983_expocachaca-comeca-nesta-quinta-feira.jpg","keywords":["aplicativo","cacha\u00e7a de qualidade","expocacha\u00e7a","gest\u00e3o","inova\u00e7\u00e3o","produtor de cacha\u00e7a"],"inLanguage":"pt-BR","potentialAction":[{"@type":"CommentAction","name":"Comment","target":["https:\/\/cachacagestor.com.br\/blog\/expo-cachaca-2016-contara-com-participacao-da-cachaca-gestor\/#respond"]}]},{"@type":"WebPage","@id":"https:\/\/cachacagestor.com.br\/blog\/expo-cachaca-2016-contara-com-participacao-da-cachaca-gestor\/","url":"https:\/\/cachacagestor.com.br\/blog\/expo-cachaca-2016-contara-com-participacao-da-cachaca-gestor\/","name":"Expo-cacha\u00e7a 2016 contar\u00e1 com participa\u00e7\u00e3o da Cacha\u00e7a Gestor - Cacha\u00e7a Gestor - Blog","isPartOf":{"@id":"https:\/\/cachacagestor.com.br\/blog\/#website"},"primaryImageOfPage":{"@id":"https:\/\/cachacagestor.com.br\/blog\/expo-cachaca-2016-contara-com-participacao-da-cachaca-gestor\/#primaryimage"},"image":{"@id":"https:\/\/cachacagestor.com.br\/blog\/expo-cachaca-2016-contara-com-participacao-da-cachaca-gestor\/#primaryimage"},"thumbnailUrl":"http:\/\/www.cachacagestor.com.br\/blog\/wp-content\/uploads\/2016\/06\/topico_39466_www-agron-com-br_2983_expocachaca-comeca-nesta-quinta-feira.jpg","datePublished":"2016-06-01T14:59:54+00:00","dateModified":"2016-06-02T00:24:23+00:00","breadcrumb":{"@id":"https:\/\/cachacagestor.com.br\/blog\/expo-cachaca-2016-contara-com-participacao-da-cachaca-gestor\/#breadcrumb"},"inLanguage":"pt-BR","potentialAction":[{"@type":"ReadAction","target":["https:\/\/cachacagestor.com.br\/blog\/expo-cachaca-2016-contara-com-participacao-da-cachaca-gestor\/"]}]},{"@type":"ImageObject","inLanguage":"pt-BR","@id":"https:\/\/cachacagestor.com.br\/blog\/expo-cachaca-2016-contara-com-participacao-da-cachaca-gestor\/#primaryimage","url":"http:\/\/www.cachacagestor.com.br\/blog\/wp-content\/uploads\/2016\/06\/topico_39466_www-agron-com-br_2983_expocachaca-comeca-nesta-quinta-feira.jpg","contentUrl":"http:\/\/www.cachacagestor.com.br\/blog\/wp-content\/uploads\/2016\/06\/topico_39466_www-agron-com-br_2983_expocachaca-comeca-nesta-quinta-feira.jpg"},{"@type":"BreadcrumbList","@id":"https:\/\/cachacagestor.com.br\/blog\/expo-cachaca-2016-contara-com-participacao-da-cachaca-gestor\/#breadcrumb","itemListElement":[{"@type":"ListItem","position":1,"name":"In\u00edcio","item":"https:\/\/cachacagestor.com.br\/blog\/"},{"@type":"ListItem","position":2,"name":"Expo-cacha\u00e7a 2016 contar\u00e1 com participa\u00e7\u00e3o da Cacha\u00e7a Gestor"}]},{"@type":"WebSite","@id":"https:\/\/cachacagestor.com.br\/blog\/#website","url":"https:\/\/cachacagestor.com.br\/blog\/","name":"Cacha\u00e7a Gestor","description":"","publisher":{"@id":"https:\/\/cachacagestor.com.br\/blog\/#organization"},"potentialAction":[{"@type":"SearchAction","target":{"@type":"EntryPoint","urlTemplate":"https:\/\/cachacagestor.com.br\/blog\/?s={search_term_string}"},"query-input":{"@type":"PropertyValueSpecification","valueRequired":true,"valueName":"search_term_string"}}],"inLanguage":"pt-BR"},{"@type":"Organization","@id":"https:\/\/cachacagestor.com.br\/blog\/#organization","name":"Cacha\u00e7a Gerstor","url":"https:\/\/cachacagestor.com.br\/blog\/","logo":{"@type":"ImageObject","inLanguage":"pt-BR","@id":"https:\/\/cachacagestor.com.br\/blog\/#\/schema\/logo\/image\/","url":"https:\/\/cachacagestor.com.br\/blog\/wp-content\/uploads\/2016\/05\/logo-fb.png","contentUrl":"https:\/\/cachacagestor.com.br\/blog\/wp-content\/uploads\/2016\/05\/logo-fb.png","width":504,"height":504,"caption":"Cacha\u00e7a Gerstor"},"image":{"@id":"https:\/\/cachacagestor.com.br\/blog\/#\/schema\/logo\/image\/"},"sameAs":["https:\/\/www.facebook.com\/cachacagestor","https:\/\/www.instagram.com\/cachacagestor\/","https:\/\/www.linkedin.com\/company\/cacha\u00e7a-gestor\/","https:\/\/www.youtube.com\/channel\/UCwWCpQJKwUs7AIk_blTKIfA?view_as=subscriber"]},{"@type":"Person","@id":"https:\/\/cachacagestor.com.br\/blog\/#\/schema\/person\/2165d6cccc417459e7ed0cf21207645e","name":"cachacagestor","image":{"@type":"ImageObject","inLanguage":"pt-BR","@id":"https:\/\/secure.gravatar.com\/avatar\/d9d47835dcb57695097d1e99cf5552e6eea87d217f357a5177aea401dea02c00?s=96&d=mm&r=g","url":"https:\/\/secure.gravatar.com\/avatar\/d9d47835dcb57695097d1e99cf5552e6eea87d217f357a5177aea401dea02c00?s=96&d=mm&r=g","contentUrl":"https:\/\/secure.gravatar.com\/avatar\/d9d47835dcb57695097d1e99cf5552e6eea87d217f357a5177aea401dea02c00?s=96&d=mm&r=g","caption":"cachacagestor"},"sameAs":["https:\/\/www.cachacagestor.com.br","https:\/\/www.facebook.com\/cachacagestor"],"url":"https:\/\/cachacagestor.com.br\/blog\/author\/cachacagestor\/"}]}},"_links":{"self":[{"href":"https:\/\/cachacagestor.com.br\/blog\/wp-json\/wp\/v2\/posts\/52","targetHints":{"allow":["GET"]}}],"collection":[{"href":"https:\/\/cachacagestor.com.br\/blog\/wp-json\/wp\/v2\/posts"}],"about":[{"href":"https:\/\/cachacagestor.com.br\/blog\/wp-json\/wp\/v2\/types\/post"}],"author":[{"embeddable":true,"href":"https:\/\/cachacagestor.com.br\/blog\/wp-json\/wp\/v2\/users\/1"}],"replies":[{"embeddable":true,"href":"https:\/\/cachacagestor.com.br\/blog\/wp-json\/wp\/v2\/comments?post=52"}],"version-history":[{"count":2,"href":"https:\/\/cachacagestor.com.br\/blog\/wp-json\/wp\/v2\/posts\/52\/revisions"}],"predecessor-version":[{"id":55,"href":"https:\/\/cachacagestor.com.br\/blog\/wp-json\/wp\/v2\/posts\/52\/revisions\/55"}],"wp:attachment":[{"href":"https:\/\/cachacagestor.com.br\/blog\/wp-json\/wp\/v2\/media?parent=52"}],"wp:term":[{"taxonomy":"category","embeddable":true,"href":"https:\/\/cachacagestor.com.br\/blog\/wp-json\/wp\/v2\/categories?post=52"},{"taxonomy":"post_tag","embeddable":true,"href":"https:\/\/cachacagestor.com.br\/blog\/wp-json\/wp\/v2\/tags?post=52"}],"curies":[{"name":"wp","href":"https:\/\/api.w.org\/{rel}","templated":true}]}}